{"id":44000,"date":"2025-08-16T13:56:03","date_gmt":"2025-08-16T11:56:03","guid":{"rendered":"https:\/\/blogs.elcomercio.es\/reflexiones-de-belarmino\/?p=44000"},"modified":"2025-08-16T13:56:03","modified_gmt":"2025-08-16T11:56:03","slug":"mexico-guatemala-y-belice-en-calakmul-crean-el-gran-corredor-biocultural-de-la-gran-selva-maya-con-6-millones-de-kms-solo-tras-la-amzonica","status":"publish","type":"post","link":"https:\/\/blogs.elcomercio.es\/reflexiones-de-belarmino\/2025\/08\/16\/mexico-guatemala-y-belice-en-calakmul-crean-el-gran-corredor-biocultural-de-la-gran-selva-maya-con-6-millones-de-kms-solo-tras-la-amzonica\/","title":{"rendered":"\u00a1\u00a1\u00a1\u00a1.  MEXICO.GUATEMALA, Y BELICE, EN CALAKMUL, CREAN EL GRAN CORREDOR BIOCULTURAL DE LA GRAN SELVA MAYA, CON 6 MILLONES DE KMS, SOLO TRAS LA AMZONICA!!!"},"content":{"rendered":"\n<p>Ayer, tras  dar su Ma\u00f1anera a las 7.30 en Quintana Roo, la presidenta  fu\u00e9 a Guatemala, y a Belice, para m\u00e1s tarde reunirse los 3 mandatarios en Calakmul, Campeche e inaugurar el CORREDOR BIOCULTURAL DE LA GRAN SELVA MAYA, QUE,  con 6 millones de kms. cuadrados, es la segunda m\u00e1s grande de Am\u00e9rica, so\u00f3lo  detr\u00e1s de la Amazonica.<\/p>\n<!-- AddThis Advanced Settings generic via filter on the_content --><!-- AddThis Share Buttons generic via filter on the_content -->","protected":false},"excerpt":{"rendered":"<p>Ayer, tras dar su Ma\u00f1anera a las 7.30 en Quintana Roo, la presidenta fu\u00e9 a Guatemala, y a Belice, para m\u00e1s tarde reunirse los 3 mandatarios en Calakmul, Campeche e inaugurar el CORREDOR BIOCULTURAL DE LA GRAN SELVA MAYA, QUE, con 6 millones de kms. cuadrados, es la segunda m\u00e1s grande de Am\u00e9rica, so\u00f3lo detr\u00e1s [&hellip;]<!-- AddThis Advanced Settings generic via filter on get_the_excerpt --><!-- AddThis Share Buttons generic via filter on get_the_excerpt --><\/p>\n","protected":false},"author":16,"featured_media":0,"comment_status":"open","ping_status":"closed","sticky":false,"template":"","format":"standard","meta":[],"categories":[1],"tags":[],"_links":{"self":[{"href":"https:\/\/blogs.elcomercio.es\/reflexiones-de-belarmino\/wp-json\/wp\/v2\/posts\/44000"}],"collection":[{"href":"https:\/\/blogs.elcomercio.es\/reflexiones-de-belarmino\/wp-json\/wp\/v2\/posts"}],"about":[{"href":"https:\/\/blogs.elcomercio.es\/reflexiones-de-belarmino\/wp-json\/wp\/v2\/types\/post"}],"author":[{"embeddable":true,"href":"https:\/\/blogs.elcomercio.es\/reflexiones-de-belarmino\/wp-json\/wp\/v2\/users\/16"}],"replies":[{"embeddable":true,"href":"https:\/\/blogs.elcomercio.es\/reflexiones-de-belarmino\/wp-json\/wp\/v2\/comments?post=44000"}],"version-history":[{"count":1,"href":"https:\/\/blogs.elcomercio.es\/reflexiones-de-belarmino\/wp-json\/wp\/v2\/posts\/44000\/revisions"}],"predecessor-version":[{"id":44001,"href":"https:\/\/blogs.elcomercio.es\/reflexiones-de-belarmino\/wp-json\/wp\/v2\/posts\/44000\/revisions\/44001"}],"wp:attachment":[{"href":"https:\/\/blogs.elcomercio.es\/reflexiones-de-belarmino\/wp-json\/wp\/v2\/media?parent=44000"}],"wp:term":[{"taxonomy":"category","embeddable":true,"href":"https:\/\/blogs.elcomercio.es\/reflexiones-de-belarmino\/wp-json\/wp\/v2\/categories?post=44000"},{"taxonomy":"post_tag","embeddable":true,"href":"https:\/\/blogs.elcomercio.es\/reflexiones-de-belarmino\/wp-json\/wp\/v2\/tags?post=44000"}],"curies":[{"name":"wp","href":"https:\/\/api.w.org\/{rel}","templated":true}]}}