{"id":44002,"date":"2025-08-16T17:31:54","date_gmt":"2025-08-16T15:31:54","guid":{"rendered":"https:\/\/blogs.elcomercio.es\/reflexiones-de-belarmino\/?p=44002"},"modified":"2025-08-16T17:31:54","modified_gmt":"2025-08-16T15:31:54","slug":"estamos-ceerca-de-un-acuerdo-y-ucrania-debe-aceptarlo-les-hemos-dado-350000-m-dls-la-union-europea-100000-mdls-ahora-es-el-turno-de-zelensky-trump-ayer-en-anchora","status":"publish","type":"post","link":"https:\/\/blogs.elcomercio.es\/reflexiones-de-belarmino\/2025\/08\/16\/estamos-ceerca-de-un-acuerdo-y-ucrania-debe-aceptarlo-les-hemos-dado-350000-m-dls-la-union-europea-100000-mdls-ahora-es-el-turno-de-zelensky-trump-ayer-en-anchora\/","title":{"rendered":"\u00a1\u00a1\u00a1\u00a1&#8221;ESTAMOS CEERCA DE UN ACUERDO Y UCRANIA DEBE ACEPTARLO&#8221;.&#8221;LES HEMOS DADO 350,000 M.DLS, LA UNION EUROPEA 100,000 MDLS, AHORA ES EL TURNO DE ZELENSKY&#8221;: TRUMP, AYER EN ANCHORAGE, A FOX, ANTES DE SUBIRSE AL AVI\u00d3N PARA REGRESAR !!!!"},"content":{"rendered":"\n<p>Nadie sabr\u00e1 por que se suspendieron tanto la conversaci\u00f3n bilateral como el almuerzo, y de las 7 horas contempladas por el Kremlin, todo se redujo a 3, con una  declaraci\u00f2n conjunta, sin preguntas. S\u00f3lo queda especular. Pero, hoy hemos sabido que, tras despedir a Putin, Trump di\u00f3 en Anchorage una entrevista,por supuesto a FOX y a su enviado Seam Hannity y en ella destacamos dos puntos: &#8220;La reuni\u00f3n en una escala del 1 al10&#8243; le pregunt\u00f3 el pediodistas: &#8221; De 10 &#8220;, y luego dijo lo siguiente: &#8220;ESTAMOS CERCA DE UN ACUERDO Y UCRANIA DEBE ACEPTARLO. Biden les entreg\u00f3 millones de d\u00f3lares como cacahuates, nosotros les hemos ayudado con 350,000 y Europa menos, pero si 100,000 millones de d\u00f3lares. AHORA, ES EL TURNO DE ZELENSKY &#8220;<\/p>\n\n\n\n<p>Antes de volar a Washington, Zelensky se va a arropar con los &#8221; 50 &#8220;, sabedor dee lo que le espera en el Despacho Oval.<\/p>\n<!-- AddThis Advanced Settings generic via filter on the_content --><!-- AddThis Share Buttons generic via filter on the_content -->","protected":false},"excerpt":{"rendered":"<p>Nadie sabr\u00e1 por que se suspendieron tanto la conversaci\u00f3n bilateral como el almuerzo, y de las 7 horas contempladas por el Kremlin, todo se redujo a 3, con una declaraci\u00f2n conjunta, sin preguntas. S\u00f3lo queda especular. Pero, hoy hemos sabido que, tras despedir a Putin, Trump di\u00f3 en Anchorage una entrevista,por supuesto a FOX y [&hellip;]<!-- AddThis Advanced Settings generic via filter on get_the_excerpt --><!-- AddThis Share Buttons generic via filter on get_the_excerpt --><\/p>\n","protected":false},"author":16,"featured_media":0,"comment_status":"open","ping_status":"closed","sticky":false,"template":"","format":"standard","meta":[],"categories":[1],"tags":[],"_links":{"self":[{"href":"https:\/\/blogs.elcomercio.es\/reflexiones-de-belarmino\/wp-json\/wp\/v2\/posts\/44002"}],"collection":[{"href":"https:\/\/blogs.elcomercio.es\/reflexiones-de-belarmino\/wp-json\/wp\/v2\/posts"}],"about":[{"href":"https:\/\/blogs.elcomercio.es\/reflexiones-de-belarmino\/wp-json\/wp\/v2\/types\/post"}],"author":[{"embeddable":true,"href":"https:\/\/blogs.elcomercio.es\/reflexiones-de-belarmino\/wp-json\/wp\/v2\/users\/16"}],"replies":[{"embeddable":true,"href":"https:\/\/blogs.elcomercio.es\/reflexiones-de-belarmino\/wp-json\/wp\/v2\/comments?post=44002"}],"version-history":[{"count":1,"href":"https:\/\/blogs.elcomercio.es\/reflexiones-de-belarmino\/wp-json\/wp\/v2\/posts\/44002\/revisions"}],"predecessor-version":[{"id":44003,"href":"https:\/\/blogs.elcomercio.es\/reflexiones-de-belarmino\/wp-json\/wp\/v2\/posts\/44002\/revisions\/44003"}],"wp:attachment":[{"href":"https:\/\/blogs.elcomercio.es\/reflexiones-de-belarmino\/wp-json\/wp\/v2\/media?parent=44002"}],"wp:term":[{"taxonomy":"category","embeddable":true,"href":"https:\/\/blogs.elcomercio.es\/reflexiones-de-belarmino\/wp-json\/wp\/v2\/categories?post=44002"},{"taxonomy":"post_tag","embeddable":true,"href":"https:\/\/blogs.elcomercio.es\/reflexiones-de-belarmino\/wp-json\/wp\/v2\/tags?post=44002"}],"curies":[{"name":"wp","href":"https:\/\/api.w.org\/{rel}","templated":true}]}}