{"id":6430,"date":"2018-12-16T16:08:26","date_gmt":"2018-12-16T15:08:26","guid":{"rendered":"https:\/\/blogs.elcomercio.es\/reflexiones-de-belarmino\/?p=6430"},"modified":"2018-12-16T16:08:52","modified_gmt":"2018-12-16T15:08:52","slug":"el-gran-enredo-nacional-y-sus-riesgos","status":"publish","type":"post","link":"https:\/\/blogs.elcomercio.es\/reflexiones-de-belarmino\/2018\/12\/16\/el-gran-enredo-nacional-y-sus-riesgos\/","title":{"rendered":"\u00a1\u00a1EL GRAN ENREDO NACIONAL Y SUS RIESGOS !!"},"content":{"rendered":"<p><strong>A 5 d\u00edas del 21 de diciembre Espa\u00f1a est\u00e1 sujeta a tensiones tales que lejos nos llevan a salidas de nuestro problemas.Hay que analizarlos y preveer sus consecuencias.<\/strong><\/p>\n<p><strong>El reto de los catalanes y la suma de intereses que van a coindir ese d\u00eda en Catalu\u00f1a, hace preveer complicaciones futuras serias.<\/strong><\/p>\n<p><strong>Desde las amenazas de los CDR, las m\u00e1s serias de los Comandos Autonomos de Acci\u00f3n Rapida,tras los objetivos estrat\u00e9gicos de Catalu\u00f1a, carrteras, vias de tren, aeropuerto y puerto,\u00a0donde puede estar detras cualquiera, independentisas o fascistas, tras las caras cubiertas; hasta las acciones de la Asamblea Nacional para copar con autos toda Barcelona, sobre todo el exterior del lugar donde se ecelebrar\u00e1 el Consejo de Ministros hacene previsible una provocaci\u00f3n en toda regla.<\/strong><\/p>\n<p><strong>La diferencia con otros actos multitudinarios de los independentistas,\u00a0 siempre pacificos, es que ahora lo que tienen la posibilidad de incidir son el Partido Popular, Ciudadanos y sobre todo Vox.<\/strong><\/p>\n<p><strong>Mis amigos que leen mis blogs en M\u00e9xico, creen que exagero, pero es mi obligaci\u00f3n alertar.<\/strong><\/p>\n<p><strong>&#8220;<\/strong><\/p>\n<p>&nbsp;<\/p>\n<!-- AddThis Advanced Settings generic via filter on the_content --><!-- AddThis Share Buttons generic via filter on the_content -->","protected":false},"excerpt":{"rendered":"<p>A 5 d\u00edas del 21 de diciembre Espa\u00f1a est\u00e1 sujeta a tensiones tales que lejos nos llevan a salidas de nuestro problemas.Hay que analizarlos y preveer sus consecuencias. El reto de los catalanes y la suma de intereses que van a coindir ese d\u00eda en Catalu\u00f1a, hace preveer complicaciones futuras serias. Desde las amenazas de [&hellip;]<!-- AddThis Advanced Settings generic via filter on get_the_excerpt --><!-- AddThis Share Buttons generic via filter on get_the_excerpt --><\/p>\n","protected":false},"author":16,"featured_media":0,"comment_status":"open","ping_status":"closed","sticky":false,"template":"","format":"standard","meta":[],"categories":[1],"tags":[],"_links":{"self":[{"href":"https:\/\/blogs.elcomercio.es\/reflexiones-de-belarmino\/wp-json\/wp\/v2\/posts\/6430"}],"collection":[{"href":"https:\/\/blogs.elcomercio.es\/reflexiones-de-belarmino\/wp-json\/wp\/v2\/posts"}],"about":[{"href":"https:\/\/blogs.elcomercio.es\/reflexiones-de-belarmino\/wp-json\/wp\/v2\/types\/post"}],"author":[{"embeddable":true,"href":"https:\/\/blogs.elcomercio.es\/reflexiones-de-belarmino\/wp-json\/wp\/v2\/users\/16"}],"replies":[{"embeddable":true,"href":"https:\/\/blogs.elcomercio.es\/reflexiones-de-belarmino\/wp-json\/wp\/v2\/comments?post=6430"}],"version-history":[{"count":5,"href":"https:\/\/blogs.elcomercio.es\/reflexiones-de-belarmino\/wp-json\/wp\/v2\/posts\/6430\/revisions"}],"predecessor-version":[{"id":6435,"href":"https:\/\/blogs.elcomercio.es\/reflexiones-de-belarmino\/wp-json\/wp\/v2\/posts\/6430\/revisions\/6435"}],"wp:attachment":[{"href":"https:\/\/blogs.elcomercio.es\/reflexiones-de-belarmino\/wp-json\/wp\/v2\/media?parent=6430"}],"wp:term":[{"taxonomy":"category","embeddable":true,"href":"https:\/\/blogs.elcomercio.es\/reflexiones-de-belarmino\/wp-json\/wp\/v2\/categories?post=6430"},{"taxonomy":"post_tag","embeddable":true,"href":"https:\/\/blogs.elcomercio.es\/reflexiones-de-belarmino\/wp-json\/wp\/v2\/tags?post=6430"}],"curies":[{"name":"wp","href":"https:\/\/api.w.org\/{rel}","templated":true}]}}