{"id":6437,"date":"2018-12-16T19:26:51","date_gmt":"2018-12-16T18:26:51","guid":{"rendered":"https:\/\/blogs.elcomercio.es\/reflexiones-de-belarmino\/?p=6437"},"modified":"2018-12-16T19:26:51","modified_gmt":"2018-12-16T18:26:51","slug":"ritual-de-los-pueblos-originarios-a-la-madre-tierra-para-aprobacion-del-tren-maya","status":"publish","type":"post","link":"https:\/\/blogs.elcomercio.es\/reflexiones-de-belarmino\/2018\/12\/16\/ritual-de-los-pueblos-originarios-a-la-madre-tierra-para-aprobacion-del-tren-maya\/","title":{"rendered":"\u00a1\u00a1RITUAL DE LOS PUEBLOS ORIGINARIOS A LA MADRE TIERRA PARA APROBACION DEL TREN MAYA !!"},"content":{"rendered":"<p><strong>Hace dos horas, en Palenque,Chiapas, el Presidente Lopez Obrador, con Banda Presidencial en el pecho y con los l\u00edderes de 12 comunidades indigenas mayas, ha presido el Ritual de los Pueblos Originarios para pedir la Aprobaci\u00f3n a la Madre Tierra para\u00a0 para construir el Tren Maya.<\/strong><\/p>\n<p><strong>En un acto hist\u00f3rico, sin precedentes, tras de colocar la primera piedra se hizo una comida para la APROBACION A LA MADRE TIERRA de esta obra, tal como marcan las tradiciones de los mayas.<\/strong><\/p>\n<p><strong>L\u00f3pez Obrador, con el olor a incienso a su alrededor, con un aguardiente llamado Pozol y una torta de cochinita, juntos con los l\u00edderes mayas, en cuyas tierras va a extenderse el Tren Maya, que unir\u00e1 a Palenque Chiapas, con Merida Yucat\u00e1n y la ciudad de Canc\u00fan estuvo all\u00ed con ellos, y se empez\u00f3 la obra.<\/strong><\/p>\n<p><strong>Este tren de\u00a0m\u00e1s de \u00a01,000 lim\u00f3metros de distancia, va a permitir unir a todas las ciudades mayas desde Palenque, a M\u00e9rida, pasando por Uxaml, Chichen Itza y Coba.<\/strong><\/p>\n<p><strong>Se pretende no s\u00f3lo el bienestar de los pueblos originarios conectando sus ciudades\u00a0 sino, y adem\u00e1s, lograr el avance economico siempre subestimado del sureste mexicano.<\/strong><\/p>\n<p><strong>Se ha cuidado mucho no lastimar ninguno de los vestigios de los mayas, y si alguien propietario de tierras se opusiera, el gobierno expropiar\u00eda y pagar\u00eda el derecho de v\u00eda del Tren.<\/strong><\/p>\n<p><strong>Aunque el primer paso es Palenque, Chiapas, hasta Valladolid, Yucat\u00e1n,el siguiente es Valldolid-Merida-Cancun<\/strong><\/p>\n<p><strong>Nunca nadie supimos por que esa zona, una de las mas bellas del pa\u00eds, no era aprovechada para hacer un buen tren, que ser\u00eda de utilidad a los mayas, a los ciudadanos del p\u00e1is y en especial al turismo internacional.<\/strong><\/p>\n<p><strong>Era corresponder en algo a todo lo que perdieron y que pasar\u00e1 no lejos del triste, trist\u00edsimo pueblo de Man\u00ed, en Yucat\u00e1n, donde en 1538, Fray Diego de Landa, mand\u00f3 traer todos los codices de los mayas y en pleno pueblo, los mando quemar.<\/strong><\/p>\n<p><strong>Por aquel acto b\u00e1rbaro, no sabemos m\u00e1s de la cultura Maya, extraordinaria que no tuvo la suerte de encontrar,en la invasi\u00f3n de Napoleon Bonaparte, la Piedra Rosseta, que ha permito descifrar la escritura egipcia.<\/strong><\/p>\n<p>&nbsp;<\/p>\n<!-- AddThis Advanced Settings generic via filter on the_content --><!-- AddThis Share Buttons generic via filter on the_content -->","protected":false},"excerpt":{"rendered":"<p>Hace dos horas, en Palenque,Chiapas, el Presidente Lopez Obrador, con Banda Presidencial en el pecho y con los l\u00edderes de 12 comunidades indigenas mayas, ha presido el Ritual de los Pueblos Originarios para pedir la Aprobaci\u00f3n a la Madre Tierra para\u00a0 para construir el Tren Maya. En un acto hist\u00f3rico, sin precedentes, tras de colocar [&hellip;]<!-- AddThis Advanced Settings generic via filter on get_the_excerpt --><!-- AddThis Share Buttons generic via filter on get_the_excerpt --><\/p>\n","protected":false},"author":16,"featured_media":0,"comment_status":"open","ping_status":"closed","sticky":false,"template":"","format":"standard","meta":[],"categories":[1],"tags":[],"_links":{"self":[{"href":"https:\/\/blogs.elcomercio.es\/reflexiones-de-belarmino\/wp-json\/wp\/v2\/posts\/6437"}],"collection":[{"href":"https:\/\/blogs.elcomercio.es\/reflexiones-de-belarmino\/wp-json\/wp\/v2\/posts"}],"about":[{"href":"https:\/\/blogs.elcomercio.es\/reflexiones-de-belarmino\/wp-json\/wp\/v2\/types\/post"}],"author":[{"embeddable":true,"href":"https:\/\/blogs.elcomercio.es\/reflexiones-de-belarmino\/wp-json\/wp\/v2\/users\/16"}],"replies":[{"embeddable":true,"href":"https:\/\/blogs.elcomercio.es\/reflexiones-de-belarmino\/wp-json\/wp\/v2\/comments?post=6437"}],"version-history":[{"count":3,"href":"https:\/\/blogs.elcomercio.es\/reflexiones-de-belarmino\/wp-json\/wp\/v2\/posts\/6437\/revisions"}],"predecessor-version":[{"id":6440,"href":"https:\/\/blogs.elcomercio.es\/reflexiones-de-belarmino\/wp-json\/wp\/v2\/posts\/6437\/revisions\/6440"}],"wp:attachment":[{"href":"https:\/\/blogs.elcomercio.es\/reflexiones-de-belarmino\/wp-json\/wp\/v2\/media?parent=6437"}],"wp:term":[{"taxonomy":"category","embeddable":true,"href":"https:\/\/blogs.elcomercio.es\/reflexiones-de-belarmino\/wp-json\/wp\/v2\/categories?post=6437"},{"taxonomy":"post_tag","embeddable":true,"href":"https:\/\/blogs.elcomercio.es\/reflexiones-de-belarmino\/wp-json\/wp\/v2\/tags?post=6437"}],"curies":[{"name":"wp","href":"https:\/\/api.w.org\/{rel}","templated":true}]}}