{"id":904,"date":"2016-08-03T10:33:13","date_gmt":"2016-08-03T08:33:13","guid":{"rendered":"http:\/\/blogs.elcomercio.es\/reflexiones-de-belarmino\/?p=904"},"modified":"2016-08-03T10:33:13","modified_gmt":"2016-08-03T08:33:13","slug":"gijon-capital-la-defensa-la-maginot-cantabricay-el-mazucu-4","status":"publish","type":"post","link":"https:\/\/blogs.elcomercio.es\/reflexiones-de-belarmino\/2016\/08\/03\/gijon-capital-la-defensa-la-maginot-cantabricay-el-mazucu-4\/","title":{"rendered":"\u00a1 GIJON CAPITAL.-La defensa.-&#8221; LA MAGINOT CANT\u00c1BRICA,Y EL MAZUCU&#8221; ( 4) !"},"content":{"rendered":"<p><strong><em>\u00bfC\u00f3mo pudimos saber ahora la extraordinaria labor de asturianos y en la Defensa de Asturias y esa parte de Le\u00f3n que permaneci\u00f3 leal ?. Gracias al\u00a0espl\u00e9ndido\u00a0trabajo de Luis Aurelio Gonz\u00e1lez Prieto.Loli\u00a0Palomares\u00a0y Jos\u00e9 Luis Arguelles, en la editorial Desnivel(2007) podemos\u00a0reconstruir\u00a0ahora, aquella lucha por la Defensa contra los ataques de los fascismos espa\u00f1oles y alemanes.<\/em><\/strong><\/p>\n<p><strong><em>Hubo un\u00a0periodista\u00a0de Cangas de On\u00eds, Juan Antonio Cabezas que en el peri\u00f3dico socialista Avance. del 23 de septiembre de 1937, bautizaba a las\u00a0defensas que se\u00a0hab\u00edan<\/em><\/strong><strong><em>\u00a0construido por parte del pueblo asturiano a trav\u00e9s del Consejo de Asturias y Le\u00f3n, como LA MAGINOT CANT\u00c1BRICA, en\u00a0referencia la L\u00ednea Maginot \u00a0francesa<\/em><\/strong><\/p>\n<p><strong><em><strong>&#8221; Asturias tiene hoy una l\u00ednea defensiva que nace en San Esteban de Pravia,bordea la bolsa de Oviedo y recorre los puertos para terminar en la r\u00eda de Ribadesella.Es una fortaleza entre las l\u00edneas de defensa natural que forman sus puertos y los dos grandes r\u00edos que la cortan de sur a norte.Dentro de estas l\u00edneas que determinan los verdaderos\u00a0l\u00edmites\u00a0de \u00a0la Asturias racial,queda tambi\u00e9n la mejor parte de la Asturias geogr\u00e1fica ya\u00a0que dentro de la <linea Maginot> entre los brazos de los dos r\u00edos,est\u00e1n las cuatro poblaciones asturianas, los mejores valles de cultivo y toda la zona industrial, y queda adem\u00e1s LA ASTURIAS PROLETARIA E\u00a0IND\u00d3MITA&#8221;.<\/strong><\/em><\/strong><\/p>\n<p><strong><em>Conocer hoy este enorme esfuerzo del pueblo asturiano conducido por el Consejo de Asturias y Le\u00f3n, nos permite observar como, adem\u00e1s de las tareas de Gobierno, la tarea de defender en Asturias,donde se concentrar\u00eda al final todo el FRENTE NORTE, merec\u00eda aquellas palabras de Adolf Galland el Jefe de la Legi\u00f3n Condor y uno de los ases de la Lufwaffe en la Segunda Guerra Mundial, en sus memorias &#8221; Memorias;Los primeros y los \u00faltimos&#8221; (AHR Barcelona)<\/em><\/strong><\/p>\n<p><strong><em><\/em><\/strong><strong><em>&#8221; LOS DINAMITEROS ASTURIANOS\u00a0HAB\u00cdAN\u00a0HECHO VERDADERAS OBRAS DE\u00a0FORTIFICACI\u00d3N\u00a0QUE\u00a0HAC\u00cdAN\u00a0MUY\u00a0DIF\u00cdCIL\u00a0QUE LA AVIACI\u00d3N PUDIERA SER EFICAZ&#8221; y m\u00e1s adelante muestra como el mismo Galland ante esa resistencias, superior al Cintur\u00f3n de Bilbao, tan famoso,,para mejorar la eficacia de los tremendos bombardeos dice &#8220;Tambi\u00e9n\u00a0inventaron mis mec\u00e1nicos UNA ESPECIE DE BOMBA DE NAPALM RUDIMENTARIA.Montaron sobre un recipiente lleno de gasolina o una mezcla de \u00e9sta con aceite de motores, unas bombas incendiarias y otras de fragmentaci\u00f3n que tras el impacto incendiaban y\u00a0derrumbaban\u00a0el contenido&#8221;.<\/em><\/strong><\/p>\n<p><strong><em>Eso es lo que recib\u00eda desde el aire el pueblo\u00a0asturiano\u00a0y, en especial en de Gij\u00f3n<\/em><\/strong><\/p>\n<p><strong><em>. En ese marco se gobern\u00f3 Asturias , y luego de la\u00a0ca\u00edda\u00a0de Bilbao y\u00a0la triste liquidaci\u00f3n de un &#8220;telefonazo\u00a0como\u00a0hab\u00eda\u00a0predicho Queipo de\u00a0Llano&#8221; de Santander, y el Pacto de Santo\u00f1a de los navarros con Mussolini )ghran trabajo de Xuan Candano), hicieron que GIJON FUERA LA CAPITAL DE TODO AQUEL ESFUERZO.<\/em><\/strong><\/p>\n<p><strong>&#8220;A finales de agosto de 1937, el Consejo Soberano de Asturias y decidio establecer en el Frente Oriental una l\u00ednea defensiva, apoyada en los Picos de Europa y en su primer escal\u00f3n la Sierra de Cuera.El Alto mando del Ejercito del Norte hab\u00eda ordenado traer al Oriente de Asturias todos los efectivos de la 1a. Brigada\u00a0M\u00f3vil,que dirig\u00eda el conocido l\u00edder\u00a0anarquista\u00a0de la Felguera y mayor de milicias HIGINIO CARROCERA,quien esa\u00a0misma\u00a0boche\u00a0despleg\u00f3 sus\u00a0fuerzas\u00a0en las estribaciones de la Sierra de Cuera.<\/strong><\/p>\n<p><strong>La\u00a0batalla\u00a0de la Sierra de Cuera se desarrollo por tierra, mar y aire:las fuerzas franquistas la convirtieron en la &#8220;gran v\u00eda&#8221; de monta\u00f1a.All\u00ed resistieron\u00a0al ejercito Nacional, a la Legi\u00f3n Condor, al Acorazado Cervera, durante 15 d\u00edas,en una acci\u00f3n\u00a0heroica.<\/strong><\/p>\n<p><strong> Jos\u00e9\u00a0Antonio Cabezas &#8220;, dijo que se pod\u00eda\u00a0comparar aquella gesta con la Batalla de las Term\u00f3pilas(otro paso de monta\u00f1a) en enfrentamiento que tuvo lugar en el a\u00f1o 480 antes de Cristo en la Grecia Central,y al asturiano Carrocera,con Leonidas, el\u00a0l\u00edder\u00a0de Esparta junto con los 300\u00a0soldados\u00a0de su ciudad y 1,000 voluntarios de Tebas y Tespia,que frenaron al colosal ejercito del rey de Persia Jerjes&#8221;..<\/strong><\/p>\n<p><strong>&#8221; Son los hombres de Octubre y\u00a0los de siempre.Los hay socialistas, comunistas y de la CNT. Ellos no se preocupan mucho de \u00e9sto&#8221; (Avance, 11 de septiembre de 1937).<\/strong><\/p>\n<p><strong><em>Ante el silencio complice de los gobiernos asturianos de la llamada Transici\u00f3n, que NUNCA HAN MOVIDO UN DEDO PARA RESCATAR TODOS LOS DOCUMENTOS QUE EXISTEN EN SALAMANCA, EL FERROL Y CATALU\u00d1A, han sido los propios ciudadanos como Daniel Palacio, y los investigadores como Gonz\u00e1lez Prieto, que han permitido rescatar aquella historia. Jos\u00e9 Antonio Cabezas en Avance de 1937 fu\u00f1\u00e9 fundamental para mostrarnos el desconocido y extraordinario trabajo del pueblo asturiano de aquella parte de Le\u00f3n, ahora conocidos para un paseo de senderismo, pero, \u00bf nos imaginamos todo lo que hubo detr\u00e1s de aquel esfuerzo?.<\/em><\/strong><\/p>\n<p><strong><em>En Asturias, tendemos a desconocer lo mejor de nuestra historia. Alabamos al visigodo Pelayo y nos olvidamos de los Astures; recordamos a los romanos con homenajes y no rescatamos aquellos asturianos que les hicieron frente.Olvidado Rafael Riego,olvidado el tan importante papel de los asturianos en la lucha contra Napoleon, y \u00a0considerando poco al\u00a0\u00daNICO\u00a0ESPA\u00d1OL que en el marco europeo brilla con luz\u00a0propia como Jovellanos,por supuesto asturiano.<\/em><\/strong><\/p>\n<p><strong><em>Y por supuesto, la primera acci\u00f3n de un pueblo proletario contra el Estado Nacional, la Revoluci\u00f3n de Octubre de 1934,comparada con la Comuna de Par\u00eds y, como vemos en el olvido total lo que\u00a0fue\u00a0el CONSEJO INTERPROVINCIAL DE ASTURIAS Y\u00a0LE\u00d3N\u00a0en 1936 y 1937.<\/em><\/strong><\/p>\n<p><strong><em>Ma\u00f1ana dar\u00e9 a conocer la\u00a0DECLARACI\u00d3N\u00a0DE\u00a0SOBERAN\u00cdA\u00a0y como la entendieron aquellos hombres,proletarios, para sobrevivir, nada que ver con\u00a0las\u00a0rancias aristocracias catalanas y vascas que hablan hoy de Soberan\u00eda.<\/em><\/strong><\/p>\n<p>&nbsp;<\/p>\n<p>&nbsp;<\/p>\n<h2><strong><em><br \/>\n<\/em><\/strong><\/h2>\n<p>&nbsp;<\/p>\n<!-- AddThis Advanced Settings generic via filter on the_content --><!-- AddThis Share Buttons generic via filter on the_content -->","protected":false},"excerpt":{"rendered":"<p>\u00bfC\u00f3mo pudimos saber ahora la extraordinaria labor de asturianos y en la Defensa de Asturias y esa parte de Le\u00f3n que permaneci\u00f3 leal ?. Gracias al\u00a0espl\u00e9ndido\u00a0trabajo de Luis Aurelio Gonz\u00e1lez Prieto.Loli\u00a0Palomares\u00a0y Jos\u00e9 Luis Arguelles, en la editorial Desnivel(2007) podemos\u00a0reconstruir\u00a0ahora, aquella lucha por la Defensa contra los ataques de los fascismos espa\u00f1oles y alemanes. Hubo un\u00a0periodista\u00a0de [&hellip;]<!-- AddThis Advanced Settings generic via filter on get_the_excerpt --><!-- AddThis Share Buttons generic via filter on get_the_excerpt --><\/p>\n","protected":false},"author":16,"featured_media":0,"comment_status":"open","ping_status":"closed","sticky":false,"template":"","format":"standard","meta":[],"categories":[5],"tags":[],"_links":{"self":[{"href":"https:\/\/blogs.elcomercio.es\/reflexiones-de-belarmino\/wp-json\/wp\/v2\/posts\/904"}],"collection":[{"href":"https:\/\/blogs.elcomercio.es\/reflexiones-de-belarmino\/wp-json\/wp\/v2\/posts"}],"about":[{"href":"https:\/\/blogs.elcomercio.es\/reflexiones-de-belarmino\/wp-json\/wp\/v2\/types\/post"}],"author":[{"embeddable":true,"href":"https:\/\/blogs.elcomercio.es\/reflexiones-de-belarmino\/wp-json\/wp\/v2\/users\/16"}],"replies":[{"embeddable":true,"href":"https:\/\/blogs.elcomercio.es\/reflexiones-de-belarmino\/wp-json\/wp\/v2\/comments?post=904"}],"version-history":[{"count":0,"href":"https:\/\/blogs.elcomercio.es\/reflexiones-de-belarmino\/wp-json\/wp\/v2\/posts\/904\/revisions"}],"wp:attachment":[{"href":"https:\/\/blogs.elcomercio.es\/reflexiones-de-belarmino\/wp-json\/wp\/v2\/media?parent=904"}],"wp:term":[{"taxonomy":"category","embeddable":true,"href":"https:\/\/blogs.elcomercio.es\/reflexiones-de-belarmino\/wp-json\/wp\/v2\/categories?post=904"},{"taxonomy":"post_tag","embeddable":true,"href":"https:\/\/blogs.elcomercio.es\/reflexiones-de-belarmino\/wp-json\/wp\/v2\/tags?post=904"}],"curies":[{"name":"wp","href":"https:\/\/api.w.org\/{rel}","templated":true}]}}