{"id":928,"date":"2016-08-06T12:26:52","date_gmt":"2016-08-06T10:26:52","guid":{"rendered":"http:\/\/blogs.elcomercio.es\/reflexiones-de-belarmino\/?p=928"},"modified":"2016-08-06T12:26:52","modified_gmt":"2016-08-06T10:26:52","slug":"asturias-soberana-y-gijon-capital-que-paso-al-final-6-b-y-ultimo","status":"publish","type":"post","link":"https:\/\/blogs.elcomercio.es\/reflexiones-de-belarmino\/2016\/08\/06\/asturias-soberana-y-gijon-capital-que-paso-al-final-6-b-y-ultimo\/","title":{"rendered":"\u00a1 ASTURIAS SOBERANA Y GIJON CAPITAL.- Que pas\u00f3 al final ! (6-B y \u00faltimo )"},"content":{"rendered":"<p><strong><em>CONTIN\u00daAN<\/em><\/strong><strong><em>\u00a0LAS PALABRAS DEL CONSEJO.<\/em><\/strong><\/p>\n<p>&#8220;<strong><em>Se convino que a los d\u00edas justos estar\u00edan en Gij\u00f3n y a tal efecto el capit\u00e1n Caparr\u00f3s ,de la Marina Mercante, se trasladar\u00eda a este puerto para preparar la entrada\u00a0del\u00a0buque.No habiendo conseguido Caparr\u00f3s llegar a Asturias por v\u00eda mar\u00edtima, se logro\u00a0al fin que llegara en avi\u00f3n desde Bayona en\u00a0compa\u00f1a\u00a0de un consejero.<\/em><\/strong><\/p>\n<p><strong><em>Pero el &#8220;Reina&#8221; no llego en el plazo fijado.Durante quinces d\u00edas no se tuvo noticias de \u00e9l.A trav\u00e9s de un telegrama se\u00a0inform\u00f3\u00a0al\u00a0Gobierno de Asturias de que el barco hab\u00eda tenido que regresar a Burdeos.La\u00a0angustia\u00a0se apoderaba del Estado Mayor y\u00a0del Consejo Soberano, que ve\u00edan agotarse las municiones con rapidez.En\u00a0ese\u00a0tiempo se\u00a0hab\u00eda\u00a0perdido la l\u00ednea defensiva\u00a0del\u00a0Sella y de Villaviciosa.<\/em><\/strong><\/p>\n<p><strong><em>Por fin el 17 de octubre lleg\u00f3 el &#8221; Reina&#8221; al puerto de El Musel,con tripulaci\u00f3n extranjera,ya que los marinos espa\u00f1oles no \u00a0hab\u00edan querido \u00a0 embarcar.Para entonces Asturias ya estaba perdida.&#8221; Quince d\u00edas antes este\u00a0barco\u00a0hubiera podido\u00a0resolver\u00a0en\u00a0parte\u00a0el problema de continuar.&#8221;Hoy ya nos vale&#8221;, sentenci\u00f3 el Coronel Prada.<\/em><\/strong><\/p>\n<p><strong><em>Mientras la aviaci\u00f3n fascista se\u00a0empleaba\u00a0a fondo.Cangas de Onis fue arrasada en un d\u00eda;Colunga\u00a0corri\u00f3\u00a0con la misma suerte\u00a0y\u00a0Gij\u00f3n era bombardeada cruelmente.Del cargamento del &#8221; Reina&#8221;, desembarcado con suma\u00a0rapidez, llegaron a emplearse 65\u00a0ametralladoras.Cuando comenzaron a montar los\u00a0antia\u00e9reos\u00a0comprendieron que aquel material era malo y viejo.Los\u00a0ca\u00f1ones fallaban, los proyectiles no estallaban.Y los ataques sobre la ciudad continuaban sin piedad.<\/em><\/strong><\/p>\n<p><strong><em>El Consejo de Asturias y Le\u00f3n se reuni\u00f3 y acord\u00f3 poner en marcha la evacuaci\u00f3n en forma gradual propuesta por el coronel\u00a0Prada. Fue\u00a0\u00a0un\u00a0rotundo fracaso.A las siete y media de la tarde se encontraban en el puerto de El Musel la mayor parte de los\u00a0Consejeros\u00a0de Asturias y Le\u00f3n.Los batallones vascos se habian refugiado en los t\u00faneles horas antes, perfectamente organizados\u00a0para el embarque.Mientras,algunos de los guardias que custodiaban el acceso al puerto abandonaban sus puestos para\u00a0tratar\u00a0de embarcar.En cambio los\u00a0consejeros\u00a0comunistas y\u00a0republicanos\u00a0que iban juntos en un coche, fueron\u00a0detenidos\u00a0por\u00a0que\u00a0llevaban una orden\u00a0del\u00a0Delegado de\u00a0Gobierno\u00a0y\u00a0para\u00a0entrar al Musel se necesitaba\u00a0la\u00a0autorizaci\u00f3n\u00a0de\u00a0Prada.S\u00f3lo gracias a\u00a0que\u00a0aquellos\u00a0guardias\u00a0ya no ten\u00edan el\u00a0mas\u00a0m\u00ednimo \u00a0inter\u00e9s en\u00a0seguir\u00a0las\u00a0\u00f3rdenes\u00a0recibidas\u00a0pudieron llegar a junto a sus\u00a0compa\u00f1eros.<\/em><\/strong><\/p>\n<p><strong><em>Desde las seis de la tarde, gran parte del Estado Mayor estaba a bordo del torpedero anclado en la mitad del puerto.Pero hasta las ocho de la tarde no lleg\u00f3 a El Musel el Delegado de Gobierno con los consejeros que faltaban.Ya estaban todos en el puerto cuando se encontraron con que no\u00a0hab\u00eda\u00a0embarcaci\u00f3n prevista para su evacuaci\u00f3n.En el dique Norte, los\u00a0Consejeros\u00a0de\u00a0Industria,\u00a0Instrucci\u00f3n P\u00fablica y Propaganda localizaron un pesquero, el &#8220;Abascal&#8221; con matricula de Gijon que estaba embarcando gente.Volvieron a donde estaban sus compa\u00f1eros y los llevaron hasta el barco, que ni siquiera ten\u00eda provisiones.En\u00a0compa\u00f1a\u00a0de varios milicianos y oficiales,haciendo de fogonero el compa\u00f1ero Jos\u00e9 Maldonado y un capit\u00e1n de milicias,\u00a0altern\u00e1ndose.&#8221;<\/em><\/strong><\/p>\n<p><strong><em>48 horas\u00a0despu\u00e9s\u00a0el barco lleg\u00f3 a la rada de Brest,desde donde los miembros del\u00a0Consejo\u00a0Soberano se\u00a0presentar\u00edan\u00a0\u00a0al\u00a0Gobierno\u00a0de la Rep\u00fablica en Barcelona, donde en un documento qdel que se extrae una parte, explicaron las tareas del Consejo de Asturias y Le\u00f3n.<\/em><\/strong><\/p>\n<p>&#8220;<strong><em>ASTURIAS NO HA SIDO VENCIDA POR EL FASCISMO.\u00a0DEFENDI\u00d3\u00a0DESDE EL PRIMER MOMENTO,SOLA COMO PUDO, PALMO A PALMO\u00a0SU TERRITORIO.AYUDO GENEROSAMENTE-Y ESTO NO TIENE NING\u00daN MERITO- A LAS\u00a0DEM\u00c1S\u00a0PROVINCIAS DEL NORTE, CAYO LUEGO POR AGOTAMIENTO MATERIAL DE SUS HOMBRES Y POR EL DESGASTE DE LOS QUE QUEDABAN,AS\u00cd\u00a0COMO LA CARENCIA TOTAL DE MATERIAL DE GUERRA PESE A LAS TODAS LAS AFIRMACIONES EN\u00a0CONTRARIO\u00a0SE HAGAN.<\/em><\/strong><\/p>\n<p><strong>LA\u00a0EVACUACI\u00d3N\u00a0FUE ORDENADA\u00a0<\/strong><strong>DESPU\u00c9S DE OIR LOS INFORMES DE LOS JEFES MILITARES Y CON LA PLENA CONFORMIDAD DE LOS MISMOS.EN ESTE MOMENTO, Y EN PRUEBA DE SERENIDAD NO PODEMOS SILENCIAR EL DOLOR QUE NOS PRODUCE EL HECHO DE QUE EL EJERCITO ASTURIANO HAYA SIDO EL UNICO CONDENADO AL SACRIFICIO,YA QUE POR LA FORMA EN QUE EN QUE LAS TROPAS ESTABAN SITUADAS Y POR LA FORMA DE ORDENAR LOS REPLIEGUES, APENAS SE HA PODIDO SALVAR EL 10 % DE LOS SOLDADOS ASTURIANOS.<\/strong><\/p>\n<p><strong>DESAPARECE \u00a0EL CONSEJO POR\u00a0DESAPARECIDO\u00a0SU TERRITORIO.<\/strong><\/p>\n<p><strong><em>Antes de su desaparici\u00f3n nos cabe la penosa obligaci\u00f3n de recoger, encauzar y\u00a0resolver\u00a0en lo que podamos, la situaci\u00f3n de los\u00a0asturianos que han llegado a territorio leal.A la clara Comprensi\u00f3n del Gobierno de la Rep\u00fablica, exponemos estas apresuradas\u00a0consideraciones\u00a0para que se nos haga la mas estricta justicia&#8221;.<\/em><\/strong><\/p>\n<p><strong><em>Hasta aqu\u00ed las declaraciones del\u00a0Gobierno\u00a0Soberano de Asturias y Le\u00f3n, recogidas en el\u00a0Archivo\u00a0de Salamanca.<\/em><\/strong><\/p>\n<p><strong><em>En septiembre\u00a0dar\u00e9\u00a0puntual respuesta a un hombre miserable, Ant\u00f3n Saavedra, que, espero que muriese Rafael Fern\u00e1ndez, y ante\u00a0la ausencia de Belarmino, olvid\u00f3 que los &#8220;luchadores sociales no se entierran, sino que se siembran&#8221;,\u00a0<\/em><\/strong><\/p>\n<p><strong><em>El autor es la cuarta\u00a0generaci\u00f3n No\u00a0quedar\u00e1 sin respuesta p\u00fablica lo dicho por ese individuo.<\/em><\/strong><\/p>\n<p>&nbsp;<\/p>\n<p>&nbsp;<\/p>\n<p>&nbsp;<\/p>\n<p>&nbsp;<\/p>\n<p>&nbsp;<\/p>\n<!-- AddThis Advanced Settings generic via filter on the_content --><!-- AddThis Share Buttons generic via filter on the_content -->","protected":false},"excerpt":{"rendered":"<p>CONTIN\u00daAN\u00a0LAS PALABRAS DEL CONSEJO. &#8220;Se convino que a los d\u00edas justos estar\u00edan en Gij\u00f3n y a tal efecto el capit\u00e1n Caparr\u00f3s ,de la Marina Mercante, se trasladar\u00eda a este puerto para preparar la entrada\u00a0del\u00a0buque.No habiendo conseguido Caparr\u00f3s llegar a Asturias por v\u00eda mar\u00edtima, se logro\u00a0al fin que llegara en avi\u00f3n desde Bayona en\u00a0compa\u00f1a\u00a0de un consejero. [&hellip;]<!-- AddThis Advanced Settings generic via filter on get_the_excerpt --><!-- AddThis Share Buttons generic via filter on get_the_excerpt --><\/p>\n","protected":false},"author":16,"featured_media":0,"comment_status":"open","ping_status":"closed","sticky":false,"template":"","format":"standard","meta":[],"categories":[5],"tags":[],"_links":{"self":[{"href":"https:\/\/blogs.elcomercio.es\/reflexiones-de-belarmino\/wp-json\/wp\/v2\/posts\/928"}],"collection":[{"href":"https:\/\/blogs.elcomercio.es\/reflexiones-de-belarmino\/wp-json\/wp\/v2\/posts"}],"about":[{"href":"https:\/\/blogs.elcomercio.es\/reflexiones-de-belarmino\/wp-json\/wp\/v2\/types\/post"}],"author":[{"embeddable":true,"href":"https:\/\/blogs.elcomercio.es\/reflexiones-de-belarmino\/wp-json\/wp\/v2\/users\/16"}],"replies":[{"embeddable":true,"href":"https:\/\/blogs.elcomercio.es\/reflexiones-de-belarmino\/wp-json\/wp\/v2\/comments?post=928"}],"version-history":[{"count":0,"href":"https:\/\/blogs.elcomercio.es\/reflexiones-de-belarmino\/wp-json\/wp\/v2\/posts\/928\/revisions"}],"wp:attachment":[{"href":"https:\/\/blogs.elcomercio.es\/reflexiones-de-belarmino\/wp-json\/wp\/v2\/media?parent=928"}],"wp:term":[{"taxonomy":"category","embeddable":true,"href":"https:\/\/blogs.elcomercio.es\/reflexiones-de-belarmino\/wp-json\/wp\/v2\/categories?post=928"},{"taxonomy":"post_tag","embeddable":true,"href":"https:\/\/blogs.elcomercio.es\/reflexiones-de-belarmino\/wp-json\/wp\/v2\/tags?post=928"}],"curies":[{"name":"wp","href":"https:\/\/api.w.org\/{rel}","templated":true}]}}