{"id":12,"date":"2007-09-11T09:39:03","date_gmt":"2007-09-11T09:39:03","guid":{"rendered":"http:\/\/blogs.elcomercio.es\/retorcida-realidad\/?p=12"},"modified":"2007-09-11T09:39:03","modified_gmt":"2007-09-11T09:39:03","slug":"ay-mariano","status":"publish","type":"post","link":"https:\/\/blogs.elcomercio.es\/retorcida-realidad\/2007\/09\/11\/ay-mariano\/","title":{"rendered":"Ay, Mariano."},"content":{"rendered":"<p><IMG src=\"\/retorcida-realidad\/files\/19286_rajoyni%C3%B1os.jpg\" id=\"img_0\" class=\"imgizqda\" height=\"295\" width=\"199\"><big>La foto se repetir\u00e1 un mont\u00f3n de veces a partir de ahora. La ver\u00e1n hasta la saciedad. M\u00e1s cuando ya se est\u00e1n proclamando candidatos. Llega la precampa\u00f1a electoral y, como no, nuestros pol\u00edticos se afanar\u00e1n en buscar el voto all\u00e1 donde se encuentre. En este sentido, y teniendo en cuenta el verano que pas\u00f3 el aqu\u00ed retratado, no me extra\u00f1a que busque a los ni\u00f1os porque lo que es a sus compa\u00f1eros de partido\u2026 Primero fue el alcalde de Madrid quien, siempre postul\u00e1ndose como candidato, ya le dio el disgusto estival de turno y, luego, vino lo de Rodrigo Rato: ese hombre al cual todos a\u00f1oran pero que no quiere volver. En fin, el caso es que las aguas internas del PP bajan revueltas. La raz\u00f3n puede ser m\u00e1s o menos esta: entre bambalinas creen que \u2013aunque se diera el hipot\u00e9tico caso de ganar- no conseguir\u00e1n gobernar. Le faltan amigos. Eso que en el 96 funcion\u00f3 tan bien, esto es, coaligarse con otros partidos para poder crear un gobierno, ahora no es posible. Todos los puentes est\u00e1n quemados. Utilizando un s\u00edmil ciclista dir\u00edamos que a los populares, no s\u00f3lo les hace falta cruzar en primer lugar la meta, sino tambi\u00e9n sacarle una mayor\u00eda absoluta al segundo. Cosa, obviamente, muy dif\u00edcil en la actual tesitura parlamentaria. Entre tanto, ya ven, Marino hace aquello que dijo Jes\u00fas de Nazaret: \u00abDejad que los ni\u00f1os se acerquen a m\u00ed\u00bb. Ay, Mariano<\/big><\/p>\n<!-- AddThis Advanced Settings generic via filter on the_content --><!-- AddThis Share Buttons generic via filter on the_content -->","protected":false},"excerpt":{"rendered":"<p>La foto se repetir\u00e1 un mont\u00f3n de veces a partir de ahora. La ver\u00e1n hasta la saciedad. M\u00e1s cuando ya se est\u00e1n proclamando candidatos. Llega la precampa\u00f1a electoral y, como no, nuestros pol\u00edticos se afanar\u00e1n en buscar el voto all\u00e1 donde se encuentre. En este sentido, y teniendo en cuenta el verano que pas\u00f3 el [&hellip;]<!-- AddThis Advanced Settings generic via filter on get_the_excerpt --><!-- AddThis Share Buttons generic via filter on get_the_excerpt --><\/p>\n","protected":false},"author":5,"featured_media":0,"comment_status":"open","ping_status":"closed","sticky":false,"template":"","format":"standard","meta":[],"categories":[2],"tags":[],"_links":{"self":[{"href":"https:\/\/blogs.elcomercio.es\/retorcida-realidad\/wp-json\/wp\/v2\/posts\/12"}],"collection":[{"href":"https:\/\/blogs.elcomercio.es\/retorcida-realidad\/wp-json\/wp\/v2\/posts"}],"about":[{"href":"https:\/\/blogs.elcomercio.es\/retorcida-realidad\/wp-json\/wp\/v2\/types\/post"}],"author":[{"embeddable":true,"href":"https:\/\/blogs.elcomercio.es\/retorcida-realidad\/wp-json\/wp\/v2\/users\/5"}],"replies":[{"embeddable":true,"href":"https:\/\/blogs.elcomercio.es\/retorcida-realidad\/wp-json\/wp\/v2\/comments?post=12"}],"version-history":[{"count":0,"href":"https:\/\/blogs.elcomercio.es\/retorcida-realidad\/wp-json\/wp\/v2\/posts\/12\/revisions"}],"wp:attachment":[{"href":"https:\/\/blogs.elcomercio.es\/retorcida-realidad\/wp-json\/wp\/v2\/media?parent=12"}],"wp:term":[{"taxonomy":"category","embeddable":true,"href":"https:\/\/blogs.elcomercio.es\/retorcida-realidad\/wp-json\/wp\/v2\/categories?post=12"},{"taxonomy":"post_tag","embeddable":true,"href":"https:\/\/blogs.elcomercio.es\/retorcida-realidad\/wp-json\/wp\/v2\/tags?post=12"}],"curies":[{"name":"wp","href":"https:\/\/api.w.org\/{rel}","templated":true}]}}