{"id":122,"date":"2008-04-12T15:18:18","date_gmt":"2008-04-12T15:18:18","guid":{"rendered":"http:\/\/blogs.elcomercio.es\/retorcida-realidad\/?p=122"},"modified":"2008-04-12T15:18:18","modified_gmt":"2008-04-12T15:18:18","slug":"gobierno-habemus-analisis","status":"publish","type":"post","link":"https:\/\/blogs.elcomercio.es\/retorcida-realidad\/2008\/04\/12\/gobierno-habemus-analisis\/","title":{"rendered":"Gobierno habemus: un an\u00e1lisis."},"content":{"rendered":"<p><big>La verdad, me parecen bastante baratos esos an\u00e1lisis que se limitan a decir si un nuevo gobierno es continuista o no. Todos, en una segunda etapa como \u00e9sta, tienden a dejar lo que ha funcionado bien y son sus pilares, mientras que introducen caras nuevas o mantienen a los que entraron en una remodelaci\u00f3n posterior. As\u00ed, visto de esta forma, hay ciertas cosas que tienen, a m\u00ed modo de ver, cierta l\u00f3gica y otras que no. Hay, por decirlo de otra manera, cosas que se pueden entender y otras que cuesta m\u00e1s. En fin, se las cuento todas para que ustedes juzgen.<\/p>\n<p><\/big><strong>Cosas que entiendo. <\/strong><br \/>\n<big><br \/>\nRenovar a Maria Teresa de la Vega, Pedro Solbes, Moratinos o Rubalcaba es desde todo punto de vista normal. Salvo este \u00faltimo y el propio Ministro de Econom\u00eda, todos los nombres anteriores podr\u00edamos catalogarlos como abanderados de la &#8220;generaci\u00f3n Zapatero&#8221;, esto es, llegaron al poder junto con el Presidente y comparten plenamente su estilo. Dec\u00eda que, tanto Solbes como Rubalcaba, no pertenecen propiamente a dicha generaci\u00f3n puesto que ya vienen de anteriores, pero, bien, creo que ambos se han amoldado a la era de ZP y, adem\u00e1s, est\u00e1n lo suficientemente curtidos para puestos, sin duda, de mucha responsabilidad y dif\u00edciles de llevar.  <\/p>\n<p>Y aqu\u00ed, siguiendo la teor\u00eda anterior, es decir, la de respetar los pilares de una primera etapa de Gobierno, s\u00ed resulta sorprendente el relevo de Jes\u00fas Caldera. Fue, sin duda, uno de los grandes portavoces de la primera etapa y, adem\u00e1s, de gran afinidad personal e ideol\u00f3gica con el Presidente, por tanto, el prescindir ahora de su persona s\u00f3lo puede tener una raz\u00f3n: darle una misi\u00f3n m\u00e1s importante que realizar quiz\u00e1 dentro del propio partido. No s\u00e9, en unos meses lo veremos.  <\/p>\n<p><\/big><strong>Cosas que no entiendo. <\/strong><br \/>\n<big><br \/>\nParto de la base que los ministerios ya no son lo que eran. Es decir, que muchas de sus competencias han sido asumidas por las autonom\u00edas, las cuales, \u00e1vidas de las mismas, tienden a ocupar gran parte de su espacio. Por ejemplo, un Ministerio de Sanidad antes controlaba a miles de trabajadores y hospitales por todo el pa\u00eds. Ahora, con la descentralizaci\u00f3n, ya no. Pr\u00e1cticamente se encuentra al rebufo de las consejer\u00edas auton\u00f3micas que son quienes llevan el peso del sector. Pues bien, en este sentido crear dos nuevos ministerios, el de la Innovaci\u00f3n y la Igualdad, s\u00ed me parece un cierto riesgo puesto que su contenido es cuando menos dudoso. Ya pas\u00f3, como se pudo comprobar, que el de Vivienda result\u00f3 de lo m\u00e1s conflictivo, puesto que, su primera titular, Mar\u00eda Antonia Trujillo, llen\u00f3 titulares de prensa con sus ocurrencias. Por tanto, el crear ministerios para temas espec\u00edficos y no para grandes l\u00edneas generales no tiene mucho sentido (Innovaci\u00f3n y Desarrollo, por ejemplo, podr\u00eda entrar perfectamente dentro de Industria), pero, en fin, el tiempo lo dir\u00e1.<\/p>\n<p>Y si hablamos propiamente de nombres que, a mi juicio, ser\u00edan discutibles, podemos ir nombr\u00e1ndolos uno por uno. Creo que es un error renovar a la ministra de Fomento, Magdalena \u00c1lvarez, porque su gesti\u00f3n anterior fue m\u00e1s que dudosa y controvertida (recuerden todos los episodios del AVE). Lo de Carme Chac\u00f3n a Defensa pienso que tiende a buscar m\u00e1s un efecto medi\u00e1tico que otra cosa, ya que, su puesto, sin duda, deber\u00eda de ser el Ministerio de Vivienda que para eso estuvo apenas unos meses ocup\u00e1ndolo. A Miguel Sebasti\u00e1n le correspond\u00eda un ministerio por haberse tragado el sapo de la alcald\u00eda madrile\u00f1a, y \u00e9ste ha sido el de Industria. Total, si recuerdan, nadie que ha pasado por all\u00ed (Montilla o Joan Clos) sab\u00eda mucho del tema y, aunque, Sebasti\u00e1n tenga m\u00e1s enjundia, lo que a \u00e9l le apetecer\u00eda realmente, o sea, Econom\u00eda, no pude ser. Por tanto, \u00bfqu\u00e9 m\u00e1s da tener otro ministro de Industria al que no le interese nada el tema? Resumiendo: que les daremos los 90 d\u00edas de gracia y, a partir de ellos, estaremos al acecho en Retorcida Realidad. <\/big><\/p>\n<!-- AddThis Advanced Settings generic via filter on the_content --><!-- AddThis Share Buttons generic via filter on the_content -->","protected":false},"excerpt":{"rendered":"<p>La verdad, me parecen bastante baratos esos an\u00e1lisis que se limitan a decir si un nuevo gobierno es continuista o no. Todos, en una segunda etapa como \u00e9sta, tienden a dejar lo que ha funcionado bien y son sus pilares, mientras que introducen caras nuevas o mantienen a los que entraron en una remodelaci\u00f3n posterior. [&hellip;]<!-- AddThis Advanced Settings generic via filter on get_the_excerpt --><!-- AddThis Share Buttons generic via filter on get_the_excerpt --><\/p>\n","protected":false},"author":5,"featured_media":0,"comment_status":"open","ping_status":"closed","sticky":false,"template":"","format":"standard","meta":[],"categories":[2],"tags":[],"_links":{"self":[{"href":"https:\/\/blogs.elcomercio.es\/retorcida-realidad\/wp-json\/wp\/v2\/posts\/122"}],"collection":[{"href":"https:\/\/blogs.elcomercio.es\/retorcida-realidad\/wp-json\/wp\/v2\/posts"}],"about":[{"href":"https:\/\/blogs.elcomercio.es\/retorcida-realidad\/wp-json\/wp\/v2\/types\/post"}],"author":[{"embeddable":true,"href":"https:\/\/blogs.elcomercio.es\/retorcida-realidad\/wp-json\/wp\/v2\/users\/5"}],"replies":[{"embeddable":true,"href":"https:\/\/blogs.elcomercio.es\/retorcida-realidad\/wp-json\/wp\/v2\/comments?post=122"}],"version-history":[{"count":0,"href":"https:\/\/blogs.elcomercio.es\/retorcida-realidad\/wp-json\/wp\/v2\/posts\/122\/revisions"}],"wp:attachment":[{"href":"https:\/\/blogs.elcomercio.es\/retorcida-realidad\/wp-json\/wp\/v2\/media?parent=122"}],"wp:term":[{"taxonomy":"category","embeddable":true,"href":"https:\/\/blogs.elcomercio.es\/retorcida-realidad\/wp-json\/wp\/v2\/categories?post=122"},{"taxonomy":"post_tag","embeddable":true,"href":"https:\/\/blogs.elcomercio.es\/retorcida-realidad\/wp-json\/wp\/v2\/tags?post=122"}],"curies":[{"name":"wp","href":"https:\/\/api.w.org\/{rel}","templated":true}]}}