{"id":126,"date":"2008-04-24T19:46:16","date_gmt":"2008-04-24T19:46:16","guid":{"rendered":"http:\/\/blogs.elcomercio.es\/retorcida-realidad\/?p=126"},"modified":"2008-04-24T19:46:16","modified_gmt":"2008-04-24T19:46:16","slug":"la-semana-negra","status":"publish","type":"post","link":"https:\/\/blogs.elcomercio.es\/retorcida-realidad\/2008\/04\/24\/la-semana-negra\/","title":{"rendered":"La Semana Negra."},"content":{"rendered":"<p><big>Reconozco que hace a\u00f1os que dej\u00f3 de gustarme el evento. Casi a la mitad de sus m\u00e1s o menos veintitantos a\u00f1os de existencia. Fue cuando se convirti\u00f3 en un t\u00f3tem, en algo que ten\u00eda que ser aceptado s\u00ed o s\u00ed por una ciudad que, seg\u00fan sus dirigentes, deber\u00eda de estar agradecida porque era todo un lujo que su organizaci\u00f3n estuviese aqu\u00ed. Sin embargo, a m\u00ed me parece que la est\u00e9tica se ha vuelto cada vez m\u00e1s kitsch. Los temas que nos proponen a\u00f1o tras a\u00f1o son recurrentes y fuera de tono (la novela negra se mezcla con elefantes de un circo, o reconstrucciones en cart\u00f3n-piedra de la pir\u00e1mide de Keops, o magos que sacan conejos de la chistera). Las ideas que deber\u00edan de alguna forma renovarla no existen, su organizaci\u00f3n es ya casi funcionarial y repite  t\u00f3picos sobados hasta la saciedad (multicultural, fiesta y cultura, blablabl\u00e1). Cuando una vez se me ocurri\u00f3 denunciar esto en una columna, su director me llam\u00f3 directamente aldeano. Claro, tengan en cuenta que la p\u00e1tina que lleva el certamen es precisamente \u00e9sa: yo soy la cultura. Si te atreves a criticarlo porque consideras que tiene m\u00e1s de bocadillo grasiento de calamares que de otra cosa, ya eres un infame. Ni se te ocurra. Es, como dec\u00eda, algo que tiene tal grado de impunidad que, haga lo que haga, diga lo que diga, disfruta de bula para casi todo.  <\/p>\n<p>Menos para instalarse. Como saben este a\u00f1o -por mor de una sentencia judicial- tiene que trasladarse a Poniente y, luego, seg\u00fan parece, se llevar\u00e1 hasta el campus universitario (lugar m\u00e1s adecuado, sin duda). Y es que, lo malo de la Semana Negra no es le ruido que produce, sino todo lo que trae con ella. Se levantan aut\u00e9nticos campamentos n\u00f3madas a su alrededor que, ni re\u00fanen las condiciones m\u00ednimas higi\u00e9nico-sanitarias, ni se pueden permitir de ninguna forma por la propia seguridad de las personas que durante diez d\u00edas all\u00ed conviven. Es m\u00e1s, si no fuese que, como su m\u00e1ximo dirigente se\u00f1al\u00f3, es un lugar \u00abfuera de las leyes tradicionales\u00bb supongo que las autoridades actuar\u00edan con contundencia. Y buena prueba de lo que digo es que, cuando se se\u00f1ala una ubicaci\u00f3n, los vecinos de la zona se ponen en guardia. Casi de u\u00f1as. Saben perfectamente lo que se les viene encima. Poniente ya se ha asegurado de que la organizaci\u00f3n de este a\u00f1o ser\u00e1 provisional y, ya lo ver\u00e1n, Viesques, por proximidad a las futuras ediciones, pedir\u00e1 garant\u00edas en cuanto a su comportamiento con el barrio. Pues bien, ya es hora de que se vayan tomando medidas para hacer de la Semana Negra un evento m\u00e1s digno no s\u00f3lo en las formas, sino tambi\u00e9n en el fondo. <\/big><\/p>\n<!-- AddThis Advanced Settings generic via filter on the_content --><!-- AddThis Share Buttons generic via filter on the_content -->","protected":false},"excerpt":{"rendered":"<p>Reconozco que hace a\u00f1os que dej\u00f3 de gustarme el evento. Casi a la mitad de sus m\u00e1s o menos veintitantos a\u00f1os de existencia. Fue cuando se convirti\u00f3 en un t\u00f3tem, en algo que ten\u00eda que ser aceptado s\u00ed o s\u00ed por una ciudad que, seg\u00fan sus dirigentes, deber\u00eda de estar agradecida porque era todo un [&hellip;]<!-- AddThis Advanced Settings generic via filter on get_the_excerpt --><!-- AddThis Share Buttons generic via filter on get_the_excerpt --><\/p>\n","protected":false},"author":5,"featured_media":0,"comment_status":"open","ping_status":"closed","sticky":false,"template":"","format":"standard","meta":[],"categories":[2],"tags":[],"_links":{"self":[{"href":"https:\/\/blogs.elcomercio.es\/retorcida-realidad\/wp-json\/wp\/v2\/posts\/126"}],"collection":[{"href":"https:\/\/blogs.elcomercio.es\/retorcida-realidad\/wp-json\/wp\/v2\/posts"}],"about":[{"href":"https:\/\/blogs.elcomercio.es\/retorcida-realidad\/wp-json\/wp\/v2\/types\/post"}],"author":[{"embeddable":true,"href":"https:\/\/blogs.elcomercio.es\/retorcida-realidad\/wp-json\/wp\/v2\/users\/5"}],"replies":[{"embeddable":true,"href":"https:\/\/blogs.elcomercio.es\/retorcida-realidad\/wp-json\/wp\/v2\/comments?post=126"}],"version-history":[{"count":0,"href":"https:\/\/blogs.elcomercio.es\/retorcida-realidad\/wp-json\/wp\/v2\/posts\/126\/revisions"}],"wp:attachment":[{"href":"https:\/\/blogs.elcomercio.es\/retorcida-realidad\/wp-json\/wp\/v2\/media?parent=126"}],"wp:term":[{"taxonomy":"category","embeddable":true,"href":"https:\/\/blogs.elcomercio.es\/retorcida-realidad\/wp-json\/wp\/v2\/categories?post=126"},{"taxonomy":"post_tag","embeddable":true,"href":"https:\/\/blogs.elcomercio.es\/retorcida-realidad\/wp-json\/wp\/v2\/tags?post=126"}],"curies":[{"name":"wp","href":"https:\/\/api.w.org\/{rel}","templated":true}]}}