{"id":132,"date":"2008-05-12T08:09:04","date_gmt":"2008-05-12T08:09:04","guid":{"rendered":"http:\/\/blogs.elcomercio.es\/retorcida-realidad\/?p=132"},"modified":"2008-05-12T08:09:04","modified_gmt":"2008-05-12T08:09:04","slug":"blanco-y-botella","status":"publish","type":"post","link":"https:\/\/blogs.elcomercio.es\/retorcida-realidad\/2008\/05\/12\/blanco-y-botella\/","title":{"rendered":"Blanco y en botella&#8230;"},"content":{"rendered":"<p><big>Siempre he sostenido que la pol\u00edtica tiene mucho en com\u00fan con el deporte. En un equipo de f\u00fatbol, por ejemplo, cuando los resultados no acompa\u00f1an, la afici\u00f3n normalmente pide que se cambie directamente al entrenador. Esa famosa frase de \u00abNo puedo despedir a los 23 jugadores de la plantilla\u00bb, es la que utiliza el presidente de turno para ajusticiar al t\u00e9cnico. Pues bien, quiz\u00e1 por eso, porque en el deporte tambi\u00e9n lo que cuenta son los resultados ante todo, me sorprende cada d\u00eda m\u00e1s lo que est\u00e1 pasando en el Partido Popular. Parece como si se afianzase la tesis de que, cambiando parte de la plantilla (Soraya S\u00e1enz de Santamar\u00eda como portavoz o el valenciano Gonz\u00e1lez Pons para formar parte del nuevo equipo), se pudiese ganar la pr\u00f3xima liga despu\u00e9s de haber perdido dolorosamente una anterior. Es decir, que con el mismo entrenador, m\u00e1s o menos una t\u00e1ctica similar y algunos retoques entre los jugadores, eso fuese posible. Bien, tengo que decir que a mi entender no, que veo cuando menos dif\u00edcil que pueda ser as\u00ed. El Partido Popular necesita algo m\u00e1s que mover la segunda l\u00ednea si quiere llegar con posibilidades a las elecciones del 2012. Porque, si lo piensan bien, \u00bfqu\u00e9 dibujo t\u00e1ctico nos puede ofrecer el actual entrenador que no haya practicado ya? \u00bfCambia algo acaso el que sus jugadores sean m\u00e1s o menos nuevos cuando, al final, en una liga llamada elecciones, el que tiene que dar la cara ante los ciudadanos es \u00e9l?  <\/p>\n<p>Siempre he sostenido -bien lo saben los amigos de Retorcida Realidad- que quien salga del futuro Congreso ser\u00e1 el candidato en las elecciones. Para nada se har\u00e1n, ni primarias, ni un nuevo Congreso aunque toque antes de los comicios (el actual, recuerden, viene de aplazar el del 2007). Quien salga elegido como Presidente del Partido Popular en junio, ser\u00e1 el  candidato a las Generales dentro de 4 a\u00f1os. Mariano Rajoy lo ha dicho claramente este fin de semana, \u00abEstoy con fuerza, ganas e ilusi\u00f3n para intentar ganar las pr\u00f3ximas elecciones\u00bb. Blanco y en botella&#8230;<br \/>\n<\/big><\/p>\n<hr size=\"2\" width=\"100%\"><big>Ep\u00edlogo: intuyo que m\u00e1s o menos esto es lo que le ha pensado Mar\u00eda San Gil, a la hora de abandonar la redacci\u00f3n de la ponencia Pol\u00edtica para el Congreso por discrepancias de criterio \u00abfundamentales\u00bb. <\/big><\/p>\n<!-- AddThis Advanced Settings generic via filter on the_content --><!-- AddThis Share Buttons generic via filter on the_content -->","protected":false},"excerpt":{"rendered":"<p>Siempre he sostenido que la pol\u00edtica tiene mucho en com\u00fan con el deporte. En un equipo de f\u00fatbol, por ejemplo, cuando los resultados no acompa\u00f1an, la afici\u00f3n normalmente pide que se cambie directamente al entrenador. Esa famosa frase de \u00abNo puedo despedir a los 23 jugadores de la plantilla\u00bb, es la que utiliza el presidente [&hellip;]<!-- AddThis Advanced Settings generic via filter on get_the_excerpt --><!-- AddThis Share Buttons generic via filter on get_the_excerpt --><\/p>\n","protected":false},"author":5,"featured_media":0,"comment_status":"open","ping_status":"closed","sticky":false,"template":"","format":"standard","meta":[],"categories":[2],"tags":[],"_links":{"self":[{"href":"https:\/\/blogs.elcomercio.es\/retorcida-realidad\/wp-json\/wp\/v2\/posts\/132"}],"collection":[{"href":"https:\/\/blogs.elcomercio.es\/retorcida-realidad\/wp-json\/wp\/v2\/posts"}],"about":[{"href":"https:\/\/blogs.elcomercio.es\/retorcida-realidad\/wp-json\/wp\/v2\/types\/post"}],"author":[{"embeddable":true,"href":"https:\/\/blogs.elcomercio.es\/retorcida-realidad\/wp-json\/wp\/v2\/users\/5"}],"replies":[{"embeddable":true,"href":"https:\/\/blogs.elcomercio.es\/retorcida-realidad\/wp-json\/wp\/v2\/comments?post=132"}],"version-history":[{"count":0,"href":"https:\/\/blogs.elcomercio.es\/retorcida-realidad\/wp-json\/wp\/v2\/posts\/132\/revisions"}],"wp:attachment":[{"href":"https:\/\/blogs.elcomercio.es\/retorcida-realidad\/wp-json\/wp\/v2\/media?parent=132"}],"wp:term":[{"taxonomy":"category","embeddable":true,"href":"https:\/\/blogs.elcomercio.es\/retorcida-realidad\/wp-json\/wp\/v2\/categories?post=132"},{"taxonomy":"post_tag","embeddable":true,"href":"https:\/\/blogs.elcomercio.es\/retorcida-realidad\/wp-json\/wp\/v2\/tags?post=132"}],"curies":[{"name":"wp","href":"https:\/\/api.w.org\/{rel}","templated":true}]}}