{"id":139,"date":"2008-05-26T08:06:31","date_gmt":"2008-05-26T08:06:31","guid":{"rendered":"http:\/\/blogs.elcomercio.es\/retorcida-realidad\/?p=139"},"modified":"2008-05-26T08:06:31","modified_gmt":"2008-05-26T08:06:31","slug":"la-tragedia-ser-clase-media","status":"publish","type":"post","link":"https:\/\/blogs.elcomercio.es\/retorcida-realidad\/2008\/05\/26\/la-tragedia-ser-clase-media\/","title":{"rendered":"La tragedia de ser clase media."},"content":{"rendered":"<p><big>Hace poco -viendo el reportaje de una televisi\u00f3n francesa- me dio por pensar lo siguiente. La tem\u00e1tica mostraba c\u00f3mo viv\u00edan varias familias y, junto a escenas de la vida cotidiana, tambi\u00e9n se intercalaban reflexiones personales acerca de su situaci\u00f3n. En primer lugar una familia, dig\u00e1moslo as\u00ed, de extracci\u00f3n baja, daba su opini\u00f3n. Dec\u00eda que ten\u00edan salarios inferiores a la media, ya que, su nivel de cualificaci\u00f3n laboral, no les permit\u00eda acceder a puestos mejor remunerados. Aseguraban que, gracias al Gobierno, pose\u00edan una vivienda de protecci\u00f3n oficial, no pagan impuestos y, adem\u00e1s, pod\u00edan conseguir alguna que otra ayuda (educativa para sus hijos, por ejemplo) debido a su baja renta. En el polo opuesto, sin embargo, se encontraba otra familia a la que, gracias a su alto poder adquisitivo, le era indiferente lo que diera o no el Gobierno puesto que no lo necesitaba. Sus hijos iban a buenos colegios, pod\u00edan utilizar la medicina privada a capricho y, c\u00f3mo no, el tema de la crisis econ\u00f3mica se la tra\u00eda absolutamente al pairo.  <\/p>\n<p>Pues bien, lo que m\u00e1s me impact\u00f3 fue el discurso de la clase media. Es decir, el de aqu\u00e9llos (seguramente como usted o yo) que no se encontraban en ninguna de las dos categor\u00edas antes rese\u00f1adas. O sea, ni su nivel de ingresos era tan bajo como para poder entrar en los par\u00e1metros de ayuda, ni tan alto como para esquivar los baches de la econom\u00eda. Bien, la familia de clase media francesa se quejaba amargamente en el reportaje de ser los m\u00e1s afectados por la crisis que estamos viviendo. Dec\u00edan que, para ellos, los salarios estaban congelados, los impuestos segu\u00edan siendo los mismos y, adem\u00e1s, no pod\u00edan acceder a ning\u00fan tipo de ayuda, ya que, ingresos en mano, no les pertenec\u00eda. Piensen un poco si ese discurso no es efectivamente as\u00ed, es decir, si quienes m\u00e1s sufrimos las crisis econ\u00f3micas somos los que formamos parte de esa inmensa mayor\u00eda llamada clase media y, sin embargo, los gobiernos, parecen no darse cuenta. <\/big><\/p>\n<!-- AddThis Advanced Settings generic via filter on the_content --><!-- AddThis Share Buttons generic via filter on the_content -->","protected":false},"excerpt":{"rendered":"<p>Hace poco -viendo el reportaje de una televisi\u00f3n francesa- me dio por pensar lo siguiente. La tem\u00e1tica mostraba c\u00f3mo viv\u00edan varias familias y, junto a escenas de la vida cotidiana, tambi\u00e9n se intercalaban reflexiones personales acerca de su situaci\u00f3n. En primer lugar una familia, dig\u00e1moslo as\u00ed, de extracci\u00f3n baja, daba su opini\u00f3n. Dec\u00eda que ten\u00edan [&hellip;]<!-- AddThis Advanced Settings generic via filter on get_the_excerpt --><!-- AddThis Share Buttons generic via filter on get_the_excerpt --><\/p>\n","protected":false},"author":5,"featured_media":0,"comment_status":"open","ping_status":"closed","sticky":false,"template":"","format":"standard","meta":[],"categories":[2],"tags":[],"_links":{"self":[{"href":"https:\/\/blogs.elcomercio.es\/retorcida-realidad\/wp-json\/wp\/v2\/posts\/139"}],"collection":[{"href":"https:\/\/blogs.elcomercio.es\/retorcida-realidad\/wp-json\/wp\/v2\/posts"}],"about":[{"href":"https:\/\/blogs.elcomercio.es\/retorcida-realidad\/wp-json\/wp\/v2\/types\/post"}],"author":[{"embeddable":true,"href":"https:\/\/blogs.elcomercio.es\/retorcida-realidad\/wp-json\/wp\/v2\/users\/5"}],"replies":[{"embeddable":true,"href":"https:\/\/blogs.elcomercio.es\/retorcida-realidad\/wp-json\/wp\/v2\/comments?post=139"}],"version-history":[{"count":0,"href":"https:\/\/blogs.elcomercio.es\/retorcida-realidad\/wp-json\/wp\/v2\/posts\/139\/revisions"}],"wp:attachment":[{"href":"https:\/\/blogs.elcomercio.es\/retorcida-realidad\/wp-json\/wp\/v2\/media?parent=139"}],"wp:term":[{"taxonomy":"category","embeddable":true,"href":"https:\/\/blogs.elcomercio.es\/retorcida-realidad\/wp-json\/wp\/v2\/categories?post=139"},{"taxonomy":"post_tag","embeddable":true,"href":"https:\/\/blogs.elcomercio.es\/retorcida-realidad\/wp-json\/wp\/v2\/tags?post=139"}],"curies":[{"name":"wp","href":"https:\/\/api.w.org\/{rel}","templated":true}]}}