{"id":15,"date":"2007-09-14T09:25:17","date_gmt":"2007-09-14T09:25:17","guid":{"rendered":"http:\/\/blogs.elcomercio.es\/retorcida-realidad\/?p=15"},"modified":"2007-09-14T09:25:17","modified_gmt":"2007-09-14T09:25:17","slug":"el-dedo-acusador","status":"publish","type":"post","link":"https:\/\/blogs.elcomercio.es\/retorcida-realidad\/2007\/09\/14\/el-dedo-acusador\/","title":{"rendered":"El dedo acusador."},"content":{"rendered":"<p><IMG src=\"\/retorcida-realidad\/files\/19399_madeleine-.jpg\" id=\"img_0\" class=\"imgizqda\"><big>A veces, desde la opini\u00f3n p\u00fablica, se retuercen los argumentos hasta llevarlos a donde algunos quieren. En el caso de los McCann y la desaparici\u00f3n de su hija, parece como si ese dedo acusador invisible que ya les apunta como culpables quisiera mostrarse cada vez m\u00e1s severo, implacable en sus juicios. Lo \u00faltimo que conocemos son algunos de los pasajes del diario de la madre, la cual, de manera \u00edntima, muestra dudas en torno a su convivencia. Vean si no. Dice que los ni\u00f1os son muy revoltosos y le generan mucho estr\u00e9s. Pregunto, \u00bfqu\u00e9 padres no han tenido alguna vez ese mismo pensamiento? Asegura que su marido le ayuda poco en las labores del hogar y se lamenta por ello. Pregunto, \u00bfen qu\u00e9 relaci\u00f3n de pareja no se produce esta recriminaci\u00f3n por cualquiera de las partes? Califica a la peque\u00f1a Madeleine de hiperactiva y denuncia su exceso de vitalidad. Pregunto, \u00bfqu\u00e9 madre no se ha quejado alguna vez por esto de sus hijos? Sin embargo, ya ven, ese dedo siniestro que se cierne sobre ellos ve en esto una prueba m\u00e1s de su culpabilidad y, como una nube negra que apunta lluvia, plantea un horizonte m\u00e1s que sombr\u00edo para ambos. En fin, por el bien de todos, ojal\u00e1 no sea as\u00ed.<\/big><\/p>\n<!-- AddThis Advanced Settings generic via filter on the_content --><!-- AddThis Share Buttons generic via filter on the_content -->","protected":false},"excerpt":{"rendered":"<p>A veces, desde la opini\u00f3n p\u00fablica, se retuercen los argumentos hasta llevarlos a donde algunos quieren. En el caso de los McCann y la desaparici\u00f3n de su hija, parece como si ese dedo acusador invisible que ya les apunta como culpables quisiera mostrarse cada vez m\u00e1s severo, implacable en sus juicios. Lo \u00faltimo que conocemos [&hellip;]<!-- AddThis Advanced Settings generic via filter on get_the_excerpt --><!-- AddThis Share Buttons generic via filter on get_the_excerpt --><\/p>\n","protected":false},"author":5,"featured_media":0,"comment_status":"open","ping_status":"closed","sticky":false,"template":"","format":"standard","meta":[],"categories":[2],"tags":[],"_links":{"self":[{"href":"https:\/\/blogs.elcomercio.es\/retorcida-realidad\/wp-json\/wp\/v2\/posts\/15"}],"collection":[{"href":"https:\/\/blogs.elcomercio.es\/retorcida-realidad\/wp-json\/wp\/v2\/posts"}],"about":[{"href":"https:\/\/blogs.elcomercio.es\/retorcida-realidad\/wp-json\/wp\/v2\/types\/post"}],"author":[{"embeddable":true,"href":"https:\/\/blogs.elcomercio.es\/retorcida-realidad\/wp-json\/wp\/v2\/users\/5"}],"replies":[{"embeddable":true,"href":"https:\/\/blogs.elcomercio.es\/retorcida-realidad\/wp-json\/wp\/v2\/comments?post=15"}],"version-history":[{"count":0,"href":"https:\/\/blogs.elcomercio.es\/retorcida-realidad\/wp-json\/wp\/v2\/posts\/15\/revisions"}],"wp:attachment":[{"href":"https:\/\/blogs.elcomercio.es\/retorcida-realidad\/wp-json\/wp\/v2\/media?parent=15"}],"wp:term":[{"taxonomy":"category","embeddable":true,"href":"https:\/\/blogs.elcomercio.es\/retorcida-realidad\/wp-json\/wp\/v2\/categories?post=15"},{"taxonomy":"post_tag","embeddable":true,"href":"https:\/\/blogs.elcomercio.es\/retorcida-realidad\/wp-json\/wp\/v2\/tags?post=15"}],"curies":[{"name":"wp","href":"https:\/\/api.w.org\/{rel}","templated":true}]}}