{"id":203,"date":"2008-10-31T08:05:51","date_gmt":"2008-10-31T08:05:51","guid":{"rendered":"http:\/\/blogs.elcomercio.es\/retorcida-realidad\/?p=203"},"modified":"2008-10-31T08:05:51","modified_gmt":"2008-10-31T08:05:51","slug":"incongruencias-la-justicia-mas","status":"publish","type":"post","link":"https:\/\/blogs.elcomercio.es\/retorcida-realidad\/2008\/10\/31\/incongruencias-la-justicia-mas\/","title":{"rendered":"Incongruencias de la Justicia, una m\u00e1s."},"content":{"rendered":"<p><big>El juicio contra diecis\u00e9is independentistas catalanes acusados de quemar fotos del Rey fue de lo m\u00e1s curioso. Los hechos juzgados, como todo, generar\u00e1n opiniones contrapuestas sobre si son o no delito. Para algunos, el prender fuego p\u00fablicamente a retratos mon\u00e1rquicos, no es m\u00e1s que una forma de ejercitar su libertad de expresi\u00f3n. Para otros, entre los cuales me incluyo, \u00e9sta tambi\u00e9n tiene que tener un l\u00edmite. Pero, bien, vayamos al resultado en s\u00ed. La fiscal\u00eda, sorprendentemente y a \u00faltima hora, retir\u00f3 los cargos de injurias a la Corona cambi\u00e1ndolos por faltas de desorden p\u00fablico. Lo cual, dicho sea de paso, le result\u00f3 de lo m\u00e1s sorprende hasta el propio juez que dijo \u00abO el delito de injurias es delito, o no es nada\u00bb. Pero lo peor, a m\u00ed juicio, es que cambia toda una l\u00ednea de actuaci\u00f3n que se estaba manteniendo entorno a la figura del Rey.  <\/p>\n<p>Efectivamente, desde la transici\u00f3n se hab\u00eda considerado a la Casa Real, jur\u00eddicamente hablando, como un s\u00edmbolo m\u00e1s del Estado. As\u00ed, todos los hechos que se hab\u00edan producido de ese calibre fueron tratados por la fiscal\u00eda como injurias y, por tanto, juzgados. Parec\u00eda, entonces, que hab\u00eda un claro consenso en ese sentido sobre la manera de actuar. Sin embargo, con la postura actual se abre un camino bastante incierto. Si quemar fotos del Jefe del Estado no es delito, \u00bftampoco lo es hacerlo con la bandera? \u00bfExisten o no s\u00edmbolos inviolables dentro de nuestro ordenamiento? Si un grupo de personas se presenta ante un juzgado con camisetas de \u00abYo tambi\u00e9n quemo la corona espa\u00f1ola\u00bb y no muestran ning\u00fan tipo de arrepentimiento, \u00bfcabe acaso que de \u00abmotu propio\u00bb el fiscal cambie la calificaci\u00f3n de los hechos? \u00bfHubiese hecho lo mismo si las camisetas pusiesen \u00abGora ETA\u00bb o ser\u00eda un delito de enaltecimiento del terrorismo? <\/big><\/p>\n<!-- AddThis Advanced Settings generic via filter on the_content --><!-- AddThis Share Buttons generic via filter on the_content -->","protected":false},"excerpt":{"rendered":"<p>El juicio contra diecis\u00e9is independentistas catalanes acusados de quemar fotos del Rey fue de lo m\u00e1s curioso. Los hechos juzgados, como todo, generar\u00e1n opiniones contrapuestas sobre si son o no delito. Para algunos, el prender fuego p\u00fablicamente a retratos mon\u00e1rquicos, no es m\u00e1s que una forma de ejercitar su libertad de expresi\u00f3n. Para otros, entre [&hellip;]<!-- AddThis Advanced Settings generic via filter on get_the_excerpt --><!-- AddThis Share Buttons generic via filter on get_the_excerpt --><\/p>\n","protected":false},"author":5,"featured_media":0,"comment_status":"open","ping_status":"closed","sticky":false,"template":"","format":"standard","meta":[],"categories":[2],"tags":[],"_links":{"self":[{"href":"https:\/\/blogs.elcomercio.es\/retorcida-realidad\/wp-json\/wp\/v2\/posts\/203"}],"collection":[{"href":"https:\/\/blogs.elcomercio.es\/retorcida-realidad\/wp-json\/wp\/v2\/posts"}],"about":[{"href":"https:\/\/blogs.elcomercio.es\/retorcida-realidad\/wp-json\/wp\/v2\/types\/post"}],"author":[{"embeddable":true,"href":"https:\/\/blogs.elcomercio.es\/retorcida-realidad\/wp-json\/wp\/v2\/users\/5"}],"replies":[{"embeddable":true,"href":"https:\/\/blogs.elcomercio.es\/retorcida-realidad\/wp-json\/wp\/v2\/comments?post=203"}],"version-history":[{"count":0,"href":"https:\/\/blogs.elcomercio.es\/retorcida-realidad\/wp-json\/wp\/v2\/posts\/203\/revisions"}],"wp:attachment":[{"href":"https:\/\/blogs.elcomercio.es\/retorcida-realidad\/wp-json\/wp\/v2\/media?parent=203"}],"wp:term":[{"taxonomy":"category","embeddable":true,"href":"https:\/\/blogs.elcomercio.es\/retorcida-realidad\/wp-json\/wp\/v2\/categories?post=203"},{"taxonomy":"post_tag","embeddable":true,"href":"https:\/\/blogs.elcomercio.es\/retorcida-realidad\/wp-json\/wp\/v2\/tags?post=203"}],"curies":[{"name":"wp","href":"https:\/\/api.w.org\/{rel}","templated":true}]}}