{"id":27,"date":"2007-10-02T09:42:41","date_gmt":"2007-10-02T09:42:41","guid":{"rendered":"http:\/\/blogs.elcomercio.es\/retorcida-realidad\/?p=27"},"modified":"2007-10-02T09:42:41","modified_gmt":"2007-10-02T09:42:41","slug":"el-himno-y-su-letra","status":"publish","type":"post","link":"https:\/\/blogs.elcomercio.es\/retorcida-realidad\/2007\/10\/02\/el-himno-y-su-letra\/","title":{"rendered":"El himno y su letra."},"content":{"rendered":"<p><IMG src=\"\/\/blogs.elcomerciodigital.com\/\/retorcida-realidad\/files\/340px-Marseillaisenoframe.jpg\" id=\"img_0\" class=\"imgizqda\" height=\"127\" width=\"175\"><big>Me resulta curioso esto de buscar una letra para el himno espa\u00f1ol. Primero, porque la iniciativa parte desde el mundo del deporte, esto es, para que las selecciones de turno no se queden mudas mientras escuchan la m\u00fasica. Y segundo, el c\u00f3mo se va a realizar. Parece ser que se quiere montar una especie de &#8220;Operaci\u00f3n Triunfo&#8221; promovida desde el Comit\u00e9 Ol\u00edmpico Espa\u00f1ol y la Sociedad General de Autores (\u00e9sta para luego cobrar el can\u00f3n correspondiente, digo yo). Quien lo desee podr\u00e1 enviar la letra que le d\u00e9 la gana hasta el 26 de octubre y, luego, un comit\u00e9 de sabios, tendr\u00e1 la \u00faltima palabra sobre cu\u00e1l debe ser la elegida. Bien, sea como fuere el poner letra a un himno nacional es una apuesta arriesgada. Si lo piensan un poco, los grandes himnos, superan siempre a su autor. El &#8220;Asturias patria querida&#8221; es de origen totalmente desconocido o, para ser m\u00e1s exactos, s\u00f3lo hay teor\u00edas en torno a su composici\u00f3n. La Marsellesa, en cambio, fue dise\u00f1ada por un oficial del ejercito (el del grabado) como &#8220;Canto de guerra para el ej\u00e9rcito del Rin&#8221;. Sin embargo, ya ven, la voluntad popular hizo que se fijara en el subconsciente colectivo hasta ser lo que es hoy: el himno nacional franc\u00e9s. A m\u00ed me parece que, o se tiene una idea genial, o el resultado puede ser olvidado al poco tiempo de su puesta en pr\u00e1ctica. Lo que distingue a los himnos es que tiene que pasar su aprobaci\u00f3n por el pueblo. Que, sin saber porqu\u00e9, el mismo  aprenda su letra y perviva como una llama generaci\u00f3n tras generaci\u00f3n. Repito: o se nos presenta algo genial, o que se quede como est\u00e1.<\/big><\/p>\n<!-- AddThis Advanced Settings generic via filter on the_content --><!-- AddThis Share Buttons generic via filter on the_content -->","protected":false},"excerpt":{"rendered":"<p>Me resulta curioso esto de buscar una letra para el himno espa\u00f1ol. Primero, porque la iniciativa parte desde el mundo del deporte, esto es, para que las selecciones de turno no se queden mudas mientras escuchan la m\u00fasica. Y segundo, el c\u00f3mo se va a realizar. Parece ser que se quiere montar una especie de [&hellip;]<!-- AddThis Advanced Settings generic via filter on get_the_excerpt --><!-- AddThis Share Buttons generic via filter on get_the_excerpt --><\/p>\n","protected":false},"author":5,"featured_media":0,"comment_status":"open","ping_status":"closed","sticky":false,"template":"","format":"standard","meta":[],"categories":[2],"tags":[],"_links":{"self":[{"href":"https:\/\/blogs.elcomercio.es\/retorcida-realidad\/wp-json\/wp\/v2\/posts\/27"}],"collection":[{"href":"https:\/\/blogs.elcomercio.es\/retorcida-realidad\/wp-json\/wp\/v2\/posts"}],"about":[{"href":"https:\/\/blogs.elcomercio.es\/retorcida-realidad\/wp-json\/wp\/v2\/types\/post"}],"author":[{"embeddable":true,"href":"https:\/\/blogs.elcomercio.es\/retorcida-realidad\/wp-json\/wp\/v2\/users\/5"}],"replies":[{"embeddable":true,"href":"https:\/\/blogs.elcomercio.es\/retorcida-realidad\/wp-json\/wp\/v2\/comments?post=27"}],"version-history":[{"count":0,"href":"https:\/\/blogs.elcomercio.es\/retorcida-realidad\/wp-json\/wp\/v2\/posts\/27\/revisions"}],"wp:attachment":[{"href":"https:\/\/blogs.elcomercio.es\/retorcida-realidad\/wp-json\/wp\/v2\/media?parent=27"}],"wp:term":[{"taxonomy":"category","embeddable":true,"href":"https:\/\/blogs.elcomercio.es\/retorcida-realidad\/wp-json\/wp\/v2\/categories?post=27"},{"taxonomy":"post_tag","embeddable":true,"href":"https:\/\/blogs.elcomercio.es\/retorcida-realidad\/wp-json\/wp\/v2\/tags?post=27"}],"curies":[{"name":"wp","href":"https:\/\/api.w.org\/{rel}","templated":true}]}}