{"id":28,"date":"2007-10-03T09:24:38","date_gmt":"2007-10-03T09:24:38","guid":{"rendered":"http:\/\/blogs.elcomercio.es\/retorcida-realidad\/?p=28"},"modified":"2007-10-03T09:24:38","modified_gmt":"2007-10-03T09:24:38","slug":"velo-si-velo-no","status":"publish","type":"post","link":"https:\/\/blogs.elcomercio.es\/retorcida-realidad\/2007\/10\/03\/velo-si-velo-no\/","title":{"rendered":"Velo s\u00ed, velo no."},"content":{"rendered":"<p><IMG src=\"\/retorcida-realidad\/files\/shador.jpg\" id=\"img_0\" class=\"imgizqda\"><big>El debate ya est\u00e1 de nuevo en nuestro pa\u00eds. La Generalitat obliga a aceptar a una ni\u00f1a con pa\u00f1uelo isl\u00e1mico en una escuela de Gerona. En contra del criterio del centro -\u00e9ste le hab\u00eda impuesto que lo dejase de usar- los servicios de Educaci\u00f3n han hecho valer su jerarqu\u00eda porque, seg\u00fan sus manifestaciones, las escuelas deben considerarse aconfesionales. Bien, les confieso que yo no tengo una opini\u00f3n clara sobre el asunto. Por un lado creo que, si muchos centros aconsejan el uniforme a sus alumnos como medida para evitar discriminaciones entre ellos, \u00bfpor qu\u00e9 se iba a tolerar que alguien llevase un &#8220;shador&#8221; como manera de manifestar una religi\u00f3n diferente? Pero por otro tambi\u00e9n considero que, si a un alumno cristiano se le deja llevar una cruz o una medalla con la Virgen, \u00bfpor qu\u00e9 no se le iba a permitir a la ni\u00f1a llevar su velo? No s\u00e9, pero no crean que el asunto est\u00e1 tan claro. En Francia caus\u00f3 un debate de \u00f3rdago que finaliz\u00f3 con su prohibici\u00f3n de uso en las escuelas por parte del Estado. En Espa\u00f1a, en cambio, el tema no hab\u00eda causado mayores controversias y, pr\u00e1cticamente, desde que en el 2002 en Madrid ocurriese un caso parecido, la cuesti\u00f3n hab\u00eda permanecido en stand-by. Lo que s\u00ed me resulta llamativo son las declaraciones de los padres diciendo que lo lleva por propia voluntad. Que incluso estos estaban dispuestos a dejarla si era su deseo el no usarlo. \u00bfSer\u00e1 eso as\u00ed?<\/big><\/p>\n<!-- AddThis Advanced Settings generic via filter on the_content --><!-- AddThis Share Buttons generic via filter on the_content -->","protected":false},"excerpt":{"rendered":"<p>El debate ya est\u00e1 de nuevo en nuestro pa\u00eds. La Generalitat obliga a aceptar a una ni\u00f1a con pa\u00f1uelo isl\u00e1mico en una escuela de Gerona. En contra del criterio del centro -\u00e9ste le hab\u00eda impuesto que lo dejase de usar- los servicios de Educaci\u00f3n han hecho valer su jerarqu\u00eda porque, seg\u00fan sus manifestaciones, las escuelas [&hellip;]<!-- AddThis Advanced Settings generic via filter on get_the_excerpt --><!-- AddThis Share Buttons generic via filter on get_the_excerpt --><\/p>\n","protected":false},"author":5,"featured_media":0,"comment_status":"open","ping_status":"closed","sticky":false,"template":"","format":"standard","meta":[],"categories":[2],"tags":[],"_links":{"self":[{"href":"https:\/\/blogs.elcomercio.es\/retorcida-realidad\/wp-json\/wp\/v2\/posts\/28"}],"collection":[{"href":"https:\/\/blogs.elcomercio.es\/retorcida-realidad\/wp-json\/wp\/v2\/posts"}],"about":[{"href":"https:\/\/blogs.elcomercio.es\/retorcida-realidad\/wp-json\/wp\/v2\/types\/post"}],"author":[{"embeddable":true,"href":"https:\/\/blogs.elcomercio.es\/retorcida-realidad\/wp-json\/wp\/v2\/users\/5"}],"replies":[{"embeddable":true,"href":"https:\/\/blogs.elcomercio.es\/retorcida-realidad\/wp-json\/wp\/v2\/comments?post=28"}],"version-history":[{"count":0,"href":"https:\/\/blogs.elcomercio.es\/retorcida-realidad\/wp-json\/wp\/v2\/posts\/28\/revisions"}],"wp:attachment":[{"href":"https:\/\/blogs.elcomercio.es\/retorcida-realidad\/wp-json\/wp\/v2\/media?parent=28"}],"wp:term":[{"taxonomy":"category","embeddable":true,"href":"https:\/\/blogs.elcomercio.es\/retorcida-realidad\/wp-json\/wp\/v2\/categories?post=28"},{"taxonomy":"post_tag","embeddable":true,"href":"https:\/\/blogs.elcomercio.es\/retorcida-realidad\/wp-json\/wp\/v2\/tags?post=28"}],"curies":[{"name":"wp","href":"https:\/\/api.w.org\/{rel}","templated":true}]}}