{"id":29,"date":"2007-10-04T09:34:14","date_gmt":"2007-10-04T09:34:14","guid":{"rendered":"http:\/\/blogs.elcomercio.es\/retorcida-realidad\/?p=29"},"modified":"2007-10-04T09:34:14","modified_gmt":"2007-10-04T09:34:14","slug":"diez-anos-despues","status":"publish","type":"post","link":"https:\/\/blogs.elcomercio.es\/retorcida-realidad\/2007\/10\/04\/diez-anos-despues\/","title":{"rendered":"Diez a\u00f1os despu\u00e9s."},"content":{"rendered":"<p><IMG src=\"\/\/blogs.elcomerciodigital.com\/\/retorcida-realidad\/files\/fotodeladydy.jpg\" id=\"img_0\" class=\"imgizqda\" height=\"178\" width=\"236\"><big>No me sorprende en absoluto lo lenta que es la justicia, ahora bien, en el caso  del juicio por la muerte de Lady Di, bate r\u00e9cord. Desde un lejano 31 de agosto de 1997 hasta ahora, miren si habr\u00e1 llovido. Me pongo en la piel de sus familiares -pienso, m\u00e1s bien, en sus hijos- y debe ser terrible el tener que volver a revivirlo. Ver fotos como \u00e9sta donde se la muestra justo antes del accidente, observar el coche destrozado, escuchar todas las especulaciones en torno al accidente&#8230; debe ser tremendo. Vi a Mohamed Al Fayet (el padre del difunto) una tarde s\u00e1bado en Harrods, su empresa. Estaba solo y, aparte de reconocerlo por las muchas fotograf\u00edas que le testimonian, era f\u00e1cil de seguir porque iba acompa\u00f1ado de 4 guardaespaldas. Uno por cada punto cardinal. El hombre llevaba una camisa de seda y una especie de zapatos c\u00f3modos, casi como zapatillas. Recorr\u00eda el almac\u00e9n con pasitos cortos pero muy r\u00e1pidos. Saludaba a todo el mundo con un educado &#8220;good afternoon&#8221; y una leve sonrisa, sin embargo, transmit\u00eda la impresi\u00f3n de ser un hombre abatido, triste por todo lo que hab\u00eda tenido que vivir. A m\u00ed la teor\u00eda de la conspiraci\u00f3n que propone (involucra al Gobierno, la Casa Real y hasta los servicios secretos) no me parece cre\u00edble. Buscar una especie de trama a lo que, en principio, s\u00f3lo es un desgraciado accidente de tr\u00e1fico, lo achaco m\u00e1s bien al resentimiento. Un grupo de hombre y mujeres, a la postre, un jurado popular, deber\u00e1 decidirlo. El juez les ha dicho que olviden todo lo que vieron y escucharon durante estos 10 a\u00f1os. La verdad, ni que pudieran pulsar la tecla de borrado como si fueran un ordenador.<\/big><\/p>\n<!-- AddThis Advanced Settings generic via filter on the_content --><!-- AddThis Share Buttons generic via filter on the_content -->","protected":false},"excerpt":{"rendered":"<p>No me sorprende en absoluto lo lenta que es la justicia, ahora bien, en el caso del juicio por la muerte de Lady Di, bate r\u00e9cord. Desde un lejano 31 de agosto de 1997 hasta ahora, miren si habr\u00e1 llovido. Me pongo en la piel de sus familiares -pienso, m\u00e1s bien, en sus hijos- y [&hellip;]<!-- AddThis Advanced Settings generic via filter on get_the_excerpt --><!-- AddThis Share Buttons generic via filter on get_the_excerpt --><\/p>\n","protected":false},"author":5,"featured_media":0,"comment_status":"open","ping_status":"closed","sticky":false,"template":"","format":"standard","meta":[],"categories":[2],"tags":[],"_links":{"self":[{"href":"https:\/\/blogs.elcomercio.es\/retorcida-realidad\/wp-json\/wp\/v2\/posts\/29"}],"collection":[{"href":"https:\/\/blogs.elcomercio.es\/retorcida-realidad\/wp-json\/wp\/v2\/posts"}],"about":[{"href":"https:\/\/blogs.elcomercio.es\/retorcida-realidad\/wp-json\/wp\/v2\/types\/post"}],"author":[{"embeddable":true,"href":"https:\/\/blogs.elcomercio.es\/retorcida-realidad\/wp-json\/wp\/v2\/users\/5"}],"replies":[{"embeddable":true,"href":"https:\/\/blogs.elcomercio.es\/retorcida-realidad\/wp-json\/wp\/v2\/comments?post=29"}],"version-history":[{"count":0,"href":"https:\/\/blogs.elcomercio.es\/retorcida-realidad\/wp-json\/wp\/v2\/posts\/29\/revisions"}],"wp:attachment":[{"href":"https:\/\/blogs.elcomercio.es\/retorcida-realidad\/wp-json\/wp\/v2\/media?parent=29"}],"wp:term":[{"taxonomy":"category","embeddable":true,"href":"https:\/\/blogs.elcomercio.es\/retorcida-realidad\/wp-json\/wp\/v2\/categories?post=29"},{"taxonomy":"post_tag","embeddable":true,"href":"https:\/\/blogs.elcomercio.es\/retorcida-realidad\/wp-json\/wp\/v2\/tags?post=29"}],"curies":[{"name":"wp","href":"https:\/\/api.w.org\/{rel}","templated":true}]}}