{"id":30,"date":"2007-10-05T09:21:29","date_gmt":"2007-10-05T09:21:29","guid":{"rendered":"http:\/\/blogs.elcomercio.es\/retorcida-realidad\/?p=30"},"modified":"2007-10-05T09:21:29","modified_gmt":"2007-10-05T09:21:29","slug":"el-video-marras","status":"publish","type":"post","link":"https:\/\/blogs.elcomercio.es\/retorcida-realidad\/2007\/10\/05\/el-video-marras\/","title":{"rendered":"El v\u00eddeo de marras."},"content":{"rendered":"<p><IMG src=\"\/\/blogs.elcomerciodigital.com\/\/retorcida-realidad\/files\/videojuventudes.jpg\" id=\"img_1\" class=\"imgizqda\" height=\"168\" width=\"168\"><big>Coincido con el presidente del Gobierno en que, el famoso v\u00eddeo de las Juventudes Socialistas, es divertido. Eso, para m\u00ed, no admite dudas. Trata con estereotipos cl\u00e1sicos donde los j\u00f3venes de derechas se muestran pijos de remate. Si lo hubiesen desarrollado sobre, no s\u00e9, las diferentes comunidades espa\u00f1olas, presentar\u00edan a: catalanes agarrados, gallegos que ni van ni vienen y, supongo, gentes de Lepe que se reivindican ante el mundo como aut\u00e9nticos burros de carga. Si, en cambio, la idea hubiese nacido desde el otro lado, o sea, desde Nuevas Generaciones, mostrar\u00edan a un tipo con cazadora de cuero, alg\u00fan que otro piercing y pensamiento progre. Esto es, la generalizaci\u00f3n contraria. Sin embargo, ya no estoy tan de acuerdo con la segunda parte de su opini\u00f3n, o sea, que refleja muy bien el esp\u00edritu de la asignatura de Educaci\u00f3n para la Ciudadan\u00eda. Nadie, pienso, puede creerse que tras recibir la materia te vuelvas de repente m\u00e1s culto, tolerante y tengas un esp\u00edritu constitucional m\u00e1s duro que el hormig\u00f3n armado (como le sucede a la chica del spot, por cierto). Muchos, digo yo, no la hemos practicado en absoluto y, sin embargo, creo, asimilamos perfectamente dichos valores. Porque, vamos a ver, \u00bfes que acaso la asignatura transmite algo que no supi\u00e9semos ya? \u00bfNos muestra quiz\u00e1 una nueva moral desconocida hasta ahora? Tampoco, la verdad, me parece de recibo que el responsable del v\u00eddeo diga que nadie debe sentirse aludido. Hombre, si tiras la piedra luego no escondas la mano, \u00bfno?<\/big><\/p>\n<!-- AddThis Advanced Settings generic via filter on the_content --><!-- AddThis Share Buttons generic via filter on the_content -->","protected":false},"excerpt":{"rendered":"<p>Coincido con el presidente del Gobierno en que, el famoso v\u00eddeo de las Juventudes Socialistas, es divertido. Eso, para m\u00ed, no admite dudas. Trata con estereotipos cl\u00e1sicos donde los j\u00f3venes de derechas se muestran pijos de remate. Si lo hubiesen desarrollado sobre, no s\u00e9, las diferentes comunidades espa\u00f1olas, presentar\u00edan a: catalanes agarrados, gallegos que ni [&hellip;]<!-- AddThis Advanced Settings generic via filter on get_the_excerpt --><!-- AddThis Share Buttons generic via filter on get_the_excerpt --><\/p>\n","protected":false},"author":5,"featured_media":0,"comment_status":"open","ping_status":"closed","sticky":false,"template":"","format":"standard","meta":[],"categories":[2],"tags":[],"_links":{"self":[{"href":"https:\/\/blogs.elcomercio.es\/retorcida-realidad\/wp-json\/wp\/v2\/posts\/30"}],"collection":[{"href":"https:\/\/blogs.elcomercio.es\/retorcida-realidad\/wp-json\/wp\/v2\/posts"}],"about":[{"href":"https:\/\/blogs.elcomercio.es\/retorcida-realidad\/wp-json\/wp\/v2\/types\/post"}],"author":[{"embeddable":true,"href":"https:\/\/blogs.elcomercio.es\/retorcida-realidad\/wp-json\/wp\/v2\/users\/5"}],"replies":[{"embeddable":true,"href":"https:\/\/blogs.elcomercio.es\/retorcida-realidad\/wp-json\/wp\/v2\/comments?post=30"}],"version-history":[{"count":0,"href":"https:\/\/blogs.elcomercio.es\/retorcida-realidad\/wp-json\/wp\/v2\/posts\/30\/revisions"}],"wp:attachment":[{"href":"https:\/\/blogs.elcomercio.es\/retorcida-realidad\/wp-json\/wp\/v2\/media?parent=30"}],"wp:term":[{"taxonomy":"category","embeddable":true,"href":"https:\/\/blogs.elcomercio.es\/retorcida-realidad\/wp-json\/wp\/v2\/categories?post=30"},{"taxonomy":"post_tag","embeddable":true,"href":"https:\/\/blogs.elcomercio.es\/retorcida-realidad\/wp-json\/wp\/v2\/tags?post=30"}],"curies":[{"name":"wp","href":"https:\/\/api.w.org\/{rel}","templated":true}]}}