{"id":5088,"date":"2019-12-03T06:44:14","date_gmt":"2019-12-03T05:44:14","guid":{"rendered":"https:\/\/blogs.elcomercio.es\/retorcida-realidad\/?p=5088"},"modified":"2019-12-03T06:47:12","modified_gmt":"2019-12-03T05:47:12","slug":"el-reparto-comunal","status":"publish","type":"post","link":"https:\/\/blogs.elcomercio.es\/retorcida-realidad\/2019\/12\/03\/el-reparto-comunal\/","title":{"rendered":"El reparto comunal."},"content":{"rendered":"<p><a href=\"https:\/\/static-blogs.elcomercio.es\/wp-content\/uploads\/sites\/4\/2019\/12\/pleno-gijon-kgGD-U90823066952HPB-624x385@El-Comercio.jpg\"><img loading=\"lazy\" class=\"size-medium wp-image-5089 alignleft\" src=\"https:\/\/static-blogs.elcomercio.es\/wp-content\/uploads\/sites\/4\/2019\/12\/pleno-gijon-kgGD-U90823066952HPB-624x385@El-Comercio-300x185.jpg\" alt=\"\" width=\"300\" height=\"185\" srcset=\"https:\/\/static-blogs.elcomercio.es\/wp-content\/uploads\/sites\/4\/2019\/12\/pleno-gijon-kgGD-U90823066952HPB-624x385@El-Comercio-300x185.jpg 300w, https:\/\/static-blogs.elcomercio.es\/wp-content\/uploads\/sites\/4\/2019\/12\/pleno-gijon-kgGD-U90823066952HPB-624x385@El-Comercio.jpg 624w\" sizes=\"(max-width: 300px) 100vw, 300px\" \/><\/a>Los presupuestos que ma\u00f1ana se aprobar\u00e1n en el Pleno no representan ninguna novedad. Digo m\u00e1s, son m\u00e1s de lo mismo. <strong>Enfatizan la pol\u00edtica social, elevan el gasto corriente y dejan lo poco que queda para otras cosas.<\/strong> O sea, que si tiene un bache delante de su casa ya puede ir esperando a que se lo arreglen. As\u00ed, lo que prima -como en las cuentas que en su d\u00eda presentaba Foro, dicho sea de paso- es el reparto comunal. <strong>Esto es, que una parte de la poblaci\u00f3n gijonesa (la supuestamente m\u00e1s favorecida) contribuya solidariamente a trav\u00e9s de subvenciones con la otra (supuestamente, como digo, menos favorecida).<\/strong> Es, repito, la t\u00f3nica que se ha seguido durante estos a\u00f1os, incluso sin tener como soporte unas cuentas aprobadas. Recuerden que desde 2017 vivimos sin presupuesto alguno. En aquel a\u00f1o, fueron destinados 8,1 millones -sumando los remanentes de tesorer\u00eda- a una renta social municipal que era la medida estrella. <strong>Resultado: se incumpli\u00f3 la regla de gasto y luego hubo luego que aplicar recortes a tutipl\u00e9n.<\/strong><\/p>\n<p><a href=\"https:\/\/static-blogs.elcomercio.es\/wp-content\/uploads\/sites\/4\/2019\/12\/50706857-624x415.jpg\"><img loading=\"lazy\" class=\"size-medium wp-image-5090 alignleft\" src=\"https:\/\/static-blogs.elcomercio.es\/wp-content\/uploads\/sites\/4\/2019\/12\/50706857-624x415-300x200.jpg\" alt=\"\" width=\"300\" height=\"200\" srcset=\"https:\/\/static-blogs.elcomercio.es\/wp-content\/uploads\/sites\/4\/2019\/12\/50706857-624x415-300x200.jpg 300w, https:\/\/static-blogs.elcomercio.es\/wp-content\/uploads\/sites\/4\/2019\/12\/50706857-624x415.jpg 624w\" sizes=\"(max-width: 300px) 100vw, 300px\" \/><\/a>En los de 2020 hay cosas curiosas que no podemos dejar de comentar. La aportaci\u00f3n para la Fundaci\u00f3n de Servicios Sociales pasa de 12,9 millones de euros a 15, incluyendo una dotaci\u00f3n de dos millones de euros para la renta social (o como se acabe llamando). Tambi\u00e9n hay m\u00e1s transferencias para la Empresa Municipal de Transporte Urbano (EMTUSA) que, no s\u00f3lo va a recaudar menos debido a la bajada del precio del billete o la gratuidad en algunos casos, sino que adem\u00e1s prev\u00e9 aumentar plantilla. El \u00ab<em>servicio p\u00fablico de calidad<\/em>\u00bb que dicen sus defensores le va a costar bastante m\u00e1s a los gijoneses. Y, por si fuera poco, desde Podemos quieren retomar la remunicipalizaci\u00f3n de la ayuda a domicilio. Esto ya fue objeto de debate en la pasada legislatura y nuestros anteriores gobernantes lo rechazaron. <strong>A todas luces, su coste era inasumible para el Ayuntamiento.<\/strong> Todo eso, aderezado con un incremento significativo en la partida de personal. <strong>Desde el equipo de gobierno pretenden recuperar las 35 horas semanales para los funcionarios municipales, algo que a la fuerza har\u00e1 que la plantilla crezca.<\/strong><\/p>\n<p><a href=\"https:\/\/static-blogs.elcomercio.es\/wp-content\/uploads\/sites\/4\/2019\/12\/50595189-624x415.jpg\"><img loading=\"lazy\" class=\"size-medium wp-image-5091 alignleft\" src=\"https:\/\/static-blogs.elcomercio.es\/wp-content\/uploads\/sites\/4\/2019\/12\/50595189-624x415-300x200.jpg\" alt=\"\" width=\"300\" height=\"200\" srcset=\"https:\/\/static-blogs.elcomercio.es\/wp-content\/uploads\/sites\/4\/2019\/12\/50595189-624x415-300x200.jpg 300w, https:\/\/static-blogs.elcomercio.es\/wp-content\/uploads\/sites\/4\/2019\/12\/50595189-624x415.jpg 624w\" sizes=\"(max-width: 300px) 100vw, 300px\" \/><\/a>En resumen, que ese reparto comunal del que hablaba est\u00e1 m\u00e1s presente que nunca. <strong>Pagaremos m\u00e1s impuestos para que un poco se lo lleve una pol\u00edtica social que no conoce l\u00edmites, otro para los funcionarios y hasta un Consistorio m\u00e1s caro, ya que nuestros ediles se subieron los sueldos.<\/strong> <strong>Oigan, y al resto, \u00bfqu\u00e9? Pues nos toca esperar.<\/strong> Si su barrio no est\u00e1 guapo y decente (<em>Ana Gonz\u00e1lez dixit<\/em>) igual lo ver\u00e1 apa\u00f1ado dentro de cuatro a\u00f1os. Las partidas de inversi\u00f3n productiva -para hacer ciudad, crear, prosperar, etc\u00e9tera- pasan a un segundo plano porque no se puede soplar y sorber todo a la vez. <strong>Si te gastas todos los recursos en la cultura del subsidio perpetuo, \u00bfc\u00f3mo se puede hablar de unos presupuestos inversores?<\/strong><\/p>\n<p><em><strong>@balbuenajm<\/strong><\/em><\/p>\n<!-- AddThis Advanced Settings generic via filter on the_content --><!-- AddThis Share Buttons generic via filter on the_content -->","protected":false},"excerpt":{"rendered":"<p>Los presupuestos que ma\u00f1ana se aprobar\u00e1n en el Pleno no representan ninguna novedad. Digo m\u00e1s, son m\u00e1s de lo mismo. Enfatizan la pol\u00edtica social, elevan el gasto corriente y dejan lo poco que queda para otras cosas. O sea, que si tiene un bache delante de su casa ya puede ir esperando a que se [&hellip;]<!-- AddThis Advanced Settings generic via filter on get_the_excerpt --><!-- AddThis Share Buttons generic via filter on get_the_excerpt --><\/p>\n","protected":false},"author":5,"featured_media":0,"comment_status":"open","ping_status":"open","sticky":false,"template":"","format":"standard","meta":[],"categories":[1],"tags":[709,647,17,695,66,461,438],"_links":{"self":[{"href":"https:\/\/blogs.elcomercio.es\/retorcida-realidad\/wp-json\/wp\/v2\/posts\/5088"}],"collection":[{"href":"https:\/\/blogs.elcomercio.es\/retorcida-realidad\/wp-json\/wp\/v2\/posts"}],"about":[{"href":"https:\/\/blogs.elcomercio.es\/retorcida-realidad\/wp-json\/wp\/v2\/types\/post"}],"author":[{"embeddable":true,"href":"https:\/\/blogs.elcomercio.es\/retorcida-realidad\/wp-json\/wp\/v2\/users\/5"}],"replies":[{"embeddable":true,"href":"https:\/\/blogs.elcomercio.es\/retorcida-realidad\/wp-json\/wp\/v2\/comments?post=5088"}],"version-history":[{"count":1,"href":"https:\/\/blogs.elcomercio.es\/retorcida-realidad\/wp-json\/wp\/v2\/posts\/5088\/revisions"}],"predecessor-version":[{"id":5092,"href":"https:\/\/blogs.elcomercio.es\/retorcida-realidad\/wp-json\/wp\/v2\/posts\/5088\/revisions\/5092"}],"wp:attachment":[{"href":"https:\/\/blogs.elcomercio.es\/retorcida-realidad\/wp-json\/wp\/v2\/media?parent=5088"}],"wp:term":[{"taxonomy":"category","embeddable":true,"href":"https:\/\/blogs.elcomercio.es\/retorcida-realidad\/wp-json\/wp\/v2\/categories?post=5088"},{"taxonomy":"post_tag","embeddable":true,"href":"https:\/\/blogs.elcomercio.es\/retorcida-realidad\/wp-json\/wp\/v2\/tags?post=5088"}],"curies":[{"name":"wp","href":"https:\/\/api.w.org\/{rel}","templated":true}]}}