{"id":5114,"date":"2019-12-14T13:02:28","date_gmt":"2019-12-14T12:02:28","guid":{"rendered":"https:\/\/blogs.elcomercio.es\/retorcida-realidad\/?p=5114"},"modified":"2019-12-14T13:05:41","modified_gmt":"2019-12-14T12:05:41","slug":"alimento-de-zombis","status":"publish","type":"post","link":"https:\/\/blogs.elcomercio.es\/retorcida-realidad\/2019\/12\/14\/alimento-de-zombis\/","title":{"rendered":"Alimento de zombis."},"content":{"rendered":"<p><a href=\"https:\/\/static-blogs.elcomercio.es\/wp-content\/uploads\/sites\/4\/2019\/12\/50804104-624x429.jpg\"><img loading=\"lazy\" class=\"size-medium wp-image-5115 alignleft\" src=\"https:\/\/static-blogs.elcomercio.es\/wp-content\/uploads\/sites\/4\/2019\/12\/50804104-624x429-300x206.jpg\" alt=\"\" width=\"300\" height=\"206\" srcset=\"https:\/\/static-blogs.elcomercio.es\/wp-content\/uploads\/sites\/4\/2019\/12\/50804104-624x429-300x206.jpg 300w, https:\/\/static-blogs.elcomercio.es\/wp-content\/uploads\/sites\/4\/2019\/12\/50804104-624x429.jpg 624w\" sizes=\"(max-width: 300px) 100vw, 300px\" \/><\/a>Sorprende lo poco que se ha hablado en la ciudad sobre el borrador de presupuestos presentado por el Principado. Incluso en el pleno municipal del pasado jueves ni siquiera se mencion\u00f3. Nuestros ediles se enzarzaron en una discusi\u00f3n sobre la anulaci\u00f3n de las condenas de los tribunales franquistas, algo que la propia historia se ha encargado de corregir. En cualquier caso, las cuentas para Gij\u00f3n del gobierno asturiano, como digo, tampoco han levantado demasiados comentarios, cuando deber\u00edan de haber sido objeto de mucho m\u00e1s an\u00e1lisis. <strong>En concreto, el por qu\u00e9 se est\u00e1n utilizando los recursos regionales para alimentar a esos zombis que tenemos en la ciudad. Ya saben, proyectos fallidos (o casi) a los cuales se les intenta revivir a toda costa, m\u00e1s que nada, por no reconocer un calamitoso fracaso en su gesti\u00f3n. Por ejemplo, Laboral Centro de Arte.<\/strong><\/p>\n<p><a href=\"https:\/\/static-blogs.elcomercio.es\/wp-content\/uploads\/sites\/4\/2019\/12\/47720559-624x415.jpg\"><img loading=\"lazy\" class=\"size-medium wp-image-5116 alignleft\" src=\"https:\/\/static-blogs.elcomercio.es\/wp-content\/uploads\/sites\/4\/2019\/12\/47720559-624x415-300x200.jpg\" alt=\"\" width=\"300\" height=\"200\" srcset=\"https:\/\/static-blogs.elcomercio.es\/wp-content\/uploads\/sites\/4\/2019\/12\/47720559-624x415-300x200.jpg 300w, https:\/\/static-blogs.elcomercio.es\/wp-content\/uploads\/sites\/4\/2019\/12\/47720559-624x415.jpg 624w\" sizes=\"(max-width: 300px) 100vw, 300px\" \/><\/a>Este muerto viviente se lleva 720.000 euros de los fondos regionales, desglosados de la siguiente manera: 571.000 euros de transferencias ordinarias (mantenerlo durante el a\u00f1o) y 150.000 para sostenimiento financiero (pagar pufos acumulados). <strong>Como saben, el que iba a ser el faro cultural de todo el norte de Espa\u00f1a se ha reducido a un ente en quiebra que dice hacer vanguardia.<\/strong> Es decir, un engendro para disfrute de unos pocos que no tiene repercusi\u00f3n alguna entre los gijoneses o asturianos. De hecho, este verano con r\u00e9cord de afluencia tur\u00edstica en nuestra ciudad, fue visitado por tan s\u00f3lo 30 personas al d\u00eda. <strong>Ya me dir\u00e1n si es o no una ruina.<\/strong> M\u00e1xime teniendo en cuenta que su deuda es de 2,3 millones de euros, lo cual oblig\u00f3 a tener que hacer un plan de viabilidad. La actual consejera de Cultura, <em>Berta Pi\u00f1\u00e1n<\/em>, ya reconoci\u00f3 \u00ab<em>la necesidad de acercarlo a la sociedad<\/em>\u00bb. Sinceramente, lo veo complicado. <strong>M\u00e1s bien, entiendo que seguimos tirando el dinero.<\/strong><\/p>\n<p><a href=\"https:\/\/static-blogs.elcomercio.es\/wp-content\/uploads\/sites\/4\/2019\/12\/zalia-kqv-U90474769330b7H-624x385@El-Comercio.jpg\"><img loading=\"lazy\" class=\"size-medium wp-image-5117 alignleft\" src=\"https:\/\/static-blogs.elcomercio.es\/wp-content\/uploads\/sites\/4\/2019\/12\/zalia-kqv-U90474769330b7H-624x385@El-Comercio-300x185.jpg\" alt=\"\" width=\"300\" height=\"185\" srcset=\"https:\/\/static-blogs.elcomercio.es\/wp-content\/uploads\/sites\/4\/2019\/12\/zalia-kqv-U90474769330b7H-624x385@El-Comercio-300x185.jpg 300w, https:\/\/static-blogs.elcomercio.es\/wp-content\/uploads\/sites\/4\/2019\/12\/zalia-kqv-U90474769330b7H-624x385@El-Comercio.jpg 624w\" sizes=\"(max-width: 300px) 100vw, 300px\" \/><\/a>Otro que se lleva buena parte de la pasta es la Zona de Actividades Log\u00edstica e Industriales del Principado de Asturias (ZALIA). <strong>Aut\u00e9ntico pr\u00edncipe de los zombis gijoneses y al que se adjudican 12,1 millones de euros para intentar seducir a incautos.<\/strong> Vamos, a aquellos que quieran invertir en un pol\u00edgono donde crece el plumero de la pampa. El af\u00e1n del gobierno asturiano se encuentra en acabar uno de sus accesos, construir una subestaci\u00f3n el\u00e9ctrica que cuesta 16 millones de euros sin saber qui\u00e9n la va a pagar y, oigan, como en el rastro, creen que le van a quitar las parcelas de las manos. Todo ello a pesar de que en el cercano pol\u00edgono de La Pe\u00f1ona, como pudieron leer en estas mismas p\u00e1ginas, quedan a\u00fan veinte por vender despu\u00e9s de doce a\u00f1os. <strong>Seguimos metiendo dinero en la ZALIA y no ideas.<\/strong> Esto es, continuamos con el proyecto de un \u00e1rea log\u00edstica, aunque recibamos entusiasmados una planta de biomasa para generar electricidad. <strong>En otras palabras, aceptamos pulpo como animal de compa\u00f1\u00eda con tal de que el zombi no muerda m\u00e1s.<\/strong><\/p>\n<p><em><strong>@balbuenajm<\/strong><\/em><\/p>\n<!-- AddThis Advanced Settings generic via filter on the_content --><!-- AddThis Share Buttons generic via filter on the_content -->","protected":false},"excerpt":{"rendered":"<p>Sorprende lo poco que se ha hablado en la ciudad sobre el borrador de presupuestos presentado por el Principado. Incluso en el pleno municipal del pasado jueves ni siquiera se mencion\u00f3. Nuestros ediles se enzarzaron en una discusi\u00f3n sobre la anulaci\u00f3n de las condenas de los tribunales franquistas, algo que la propia historia se ha [&hellip;]<!-- AddThis Advanced Settings generic via filter on get_the_excerpt --><!-- AddThis Share Buttons generic via filter on get_the_excerpt --><\/p>\n","protected":false},"author":5,"featured_media":0,"comment_status":"open","ping_status":"open","sticky":false,"template":"","format":"standard","meta":[],"categories":[1],"tags":[777,5,704,778,779,551,518,315,17,417,542,110,775,776,682,117],"_links":{"self":[{"href":"https:\/\/blogs.elcomercio.es\/retorcida-realidad\/wp-json\/wp\/v2\/posts\/5114"}],"collection":[{"href":"https:\/\/blogs.elcomercio.es\/retorcida-realidad\/wp-json\/wp\/v2\/posts"}],"about":[{"href":"https:\/\/blogs.elcomercio.es\/retorcida-realidad\/wp-json\/wp\/v2\/types\/post"}],"author":[{"embeddable":true,"href":"https:\/\/blogs.elcomercio.es\/retorcida-realidad\/wp-json\/wp\/v2\/users\/5"}],"replies":[{"embeddable":true,"href":"https:\/\/blogs.elcomercio.es\/retorcida-realidad\/wp-json\/wp\/v2\/comments?post=5114"}],"version-history":[{"count":1,"href":"https:\/\/blogs.elcomercio.es\/retorcida-realidad\/wp-json\/wp\/v2\/posts\/5114\/revisions"}],"predecessor-version":[{"id":5118,"href":"https:\/\/blogs.elcomercio.es\/retorcida-realidad\/wp-json\/wp\/v2\/posts\/5114\/revisions\/5118"}],"wp:attachment":[{"href":"https:\/\/blogs.elcomercio.es\/retorcida-realidad\/wp-json\/wp\/v2\/media?parent=5114"}],"wp:term":[{"taxonomy":"category","embeddable":true,"href":"https:\/\/blogs.elcomercio.es\/retorcida-realidad\/wp-json\/wp\/v2\/categories?post=5114"},{"taxonomy":"post_tag","embeddable":true,"href":"https:\/\/blogs.elcomercio.es\/retorcida-realidad\/wp-json\/wp\/v2\/tags?post=5114"}],"curies":[{"name":"wp","href":"https:\/\/api.w.org\/{rel}","templated":true}]}}