{"id":5119,"date":"2019-12-17T06:37:15","date_gmt":"2019-12-17T05:37:15","guid":{"rendered":"https:\/\/blogs.elcomercio.es\/retorcida-realidad\/?p=5119"},"modified":"2019-12-17T06:39:52","modified_gmt":"2019-12-17T05:39:52","slug":"prohibiciones","status":"publish","type":"post","link":"https:\/\/blogs.elcomercio.es\/retorcida-realidad\/2019\/12\/17\/prohibiciones\/","title":{"rendered":"Prohibiciones"},"content":{"rendered":"<p><strong><a href=\"https:\/\/static-blogs.elcomercio.es\/wp-content\/uploads\/sites\/4\/2019\/12\/rio-piles-kNJH-U90962050952TZ-624x385@El-Comercio.jpg\"><img loading=\"lazy\" class=\"size-medium wp-image-5120 alignleft\" src=\"https:\/\/static-blogs.elcomercio.es\/wp-content\/uploads\/sites\/4\/2019\/12\/rio-piles-kNJH-U90962050952TZ-624x385@El-Comercio-300x185.jpg\" alt=\"\" width=\"300\" height=\"185\" srcset=\"https:\/\/static-blogs.elcomercio.es\/wp-content\/uploads\/sites\/4\/2019\/12\/rio-piles-kNJH-U90962050952TZ-624x385@El-Comercio-300x185.jpg 300w, https:\/\/static-blogs.elcomercio.es\/wp-content\/uploads\/sites\/4\/2019\/12\/rio-piles-kNJH-U90962050952TZ-624x385@El-Comercio.jpg 624w\" sizes=\"(max-width: 300px) 100vw, 300px\" \/><\/a>Desde que comenz\u00f3 la legislatura lo \u00fanico que nos llega desde la concejal\u00eda de Medio Ambiente son prohibiciones.<\/strong> Recuerden que una de las primeras fue cerrar parcialmente la playa por la aparici\u00f3n de siete peces muertos. Tambi\u00e9n en lo que se refiere a circulaci\u00f3n, puesto que, a todas luces, el veh\u00edculo particular en Gij\u00f3n parece estar condenado. No digamos ya en la lucha contra la contaminaci\u00f3n que incluye planes mucho m\u00e1s restrictivos con respecto al tr\u00e1fico. <strong>En todo lo que llevamos hasta ahora, la concejal\u00eda se ha convertido en una m\u00e1quina de prohibirnos cosas. No te ba\u00f1es, no uses el coche, no aparques, etc\u00e9tera.<\/strong> Ahora, seg\u00fan parece, la soluci\u00f3n a los graves problemas medioambientales del Piles, se encuentra en cerrar el anillo navegable que lleva 16 a\u00f1os funcionando. Instalaci\u00f3n muy utilizada por el pirag\u00fcismo y que ha puesto en \u00f3rbita al deporte base debido a su gran repercusi\u00f3n. Seg\u00fan la directiva del Grupo Covadonga, sobre unas 140 licencias y multitud de competiciones se ver\u00e1n afectadas, teniendo como participantes mayoritarios a los ni\u00f1os y ni\u00f1as.<\/p>\n<p><a href=\"https:\/\/static-blogs.elcomercio.es\/wp-content\/uploads\/sites\/4\/2019\/12\/51101249-624x415.jpg\"><img loading=\"lazy\" class=\"size-medium wp-image-5121 alignleft\" src=\"https:\/\/static-blogs.elcomercio.es\/wp-content\/uploads\/sites\/4\/2019\/12\/51101249-624x415-300x200.jpg\" alt=\"\" width=\"300\" height=\"200\" srcset=\"https:\/\/static-blogs.elcomercio.es\/wp-content\/uploads\/sites\/4\/2019\/12\/51101249-624x415-300x200.jpg 300w, https:\/\/static-blogs.elcomercio.es\/wp-content\/uploads\/sites\/4\/2019\/12\/51101249-624x415.jpg 624w\" sizes=\"(max-width: 300px) 100vw, 300px\" \/><\/a>Vamos a ver, la semana pasada tambi\u00e9n supimos que en nuestra playa aparecen hasta 13 variedades de carb\u00f3n diferentes. Resulta obvio, pues, que no todas vienen del pecio hundido del \u00abCastillo de Salas\u00bb. <strong>Si San Lorenzo aparece de vez en cuando pintada de negro y se sabe que tiene origen industrial, \u00bfacaso la concejal\u00eda de Medio Ambiente se plantea prohibir los acopios carbon\u00edferos del Musel? Si hay m\u00e1s fuentes de contaminaci\u00f3n sobre nuestro r\u00edo, \u00bfpor qu\u00e9 ese cierre tan inmediato y dr\u00e1stico del anillo navegable?<\/strong> Resulta cuando menos curioso que por un informe se tome esta decisi\u00f3n. Sobre el Piles, como todos sabemos, hay muchos m\u00e1s contaminantes que la pr\u00e1ctica del pirag\u00fcismo. Existe una red de saneamiento muy deficiente, vertidos producidos desde entidades particulares y, como no, esa falta de caudal que genera las cianobacterias. Ya saben, esos microorganismos que producen la mortandad de la fauna, espumas y los malos olores. <strong>En cualquier caso, se necesita m\u00e1s -yo dir\u00eda que mucho m\u00e1s- para tomar una decisi\u00f3n as\u00ed.<\/strong><\/p>\n<p><a href=\"https:\/\/static-blogs.elcomercio.es\/wp-content\/uploads\/sites\/4\/2019\/12\/51080860-624x415.jpg\"><img loading=\"lazy\" class=\"size-medium wp-image-5122 alignleft\" src=\"https:\/\/static-blogs.elcomercio.es\/wp-content\/uploads\/sites\/4\/2019\/12\/51080860-624x415-300x200.jpg\" alt=\"\" width=\"300\" height=\"200\" srcset=\"https:\/\/static-blogs.elcomercio.es\/wp-content\/uploads\/sites\/4\/2019\/12\/51080860-624x415-300x200.jpg 300w, https:\/\/static-blogs.elcomercio.es\/wp-content\/uploads\/sites\/4\/2019\/12\/51080860-624x415.jpg 624w\" sizes=\"(max-width: 300px) 100vw, 300px\" \/><\/a>De hecho, si la pol\u00edtica medioambiental va a ser eso de \u00ab<em>a grandes males grandes remedios<\/em>\u00bb, podemos empezar porque el propio Ayuntamiento haga los deberes. Si no queremos que la playa siga contamin\u00e1ndose, \u00bfpor qu\u00e9 no hablamos de una depuradora ilegal que estar\u00e1 en funcionamiento, en el mejor de los casos, dentro de a\u00f1o y medio? \u00bfPor qu\u00e9 no existe un compromiso del Principado -materializado en los presupuestos- para regenerar el r\u00edo? <strong>A m\u00ed me parece que es desmesurada la medida, m\u00e1xime, como digo, no teniendo mayor respaldo que el informe de una consultora, con todos mis respetos hacia el mismo. No s\u00e9, imag\u00ednense que un documento cualquiera dice que en Gij\u00f3n hay que eliminar las actividades industriales. \u00bfAcaso nos cargar\u00edamos la industria?<\/strong><\/p>\n<p><em><strong>@balbuenajm<\/strong><\/em><\/p>\n<!-- AddThis Advanced Settings generic via filter on the_content --><!-- AddThis Share Buttons generic via filter on the_content -->","protected":false},"excerpt":{"rendered":"<p>Desde que comenz\u00f3 la legislatura lo \u00fanico que nos llega desde la concejal\u00eda de Medio Ambiente son prohibiciones. Recuerden que una de las primeras fue cerrar parcialmente la playa por la aparici\u00f3n de siete peces muertos. Tambi\u00e9n en lo que se refiere a circulaci\u00f3n, puesto que, a todas luces, el veh\u00edculo particular en Gij\u00f3n parece [&hellip;]<!-- AddThis Advanced Settings generic via filter on get_the_excerpt --><!-- AddThis Share Buttons generic via filter on get_the_excerpt --><\/p>\n","protected":false},"author":5,"featured_media":0,"comment_status":"open","ping_status":"open","sticky":false,"template":"","format":"standard","meta":[],"categories":[1],"tags":[463,780,470,312,257,17,730,357,670,418],"_links":{"self":[{"href":"https:\/\/blogs.elcomercio.es\/retorcida-realidad\/wp-json\/wp\/v2\/posts\/5119"}],"collection":[{"href":"https:\/\/blogs.elcomercio.es\/retorcida-realidad\/wp-json\/wp\/v2\/posts"}],"about":[{"href":"https:\/\/blogs.elcomercio.es\/retorcida-realidad\/wp-json\/wp\/v2\/types\/post"}],"author":[{"embeddable":true,"href":"https:\/\/blogs.elcomercio.es\/retorcida-realidad\/wp-json\/wp\/v2\/users\/5"}],"replies":[{"embeddable":true,"href":"https:\/\/blogs.elcomercio.es\/retorcida-realidad\/wp-json\/wp\/v2\/comments?post=5119"}],"version-history":[{"count":1,"href":"https:\/\/blogs.elcomercio.es\/retorcida-realidad\/wp-json\/wp\/v2\/posts\/5119\/revisions"}],"predecessor-version":[{"id":5123,"href":"https:\/\/blogs.elcomercio.es\/retorcida-realidad\/wp-json\/wp\/v2\/posts\/5119\/revisions\/5123"}],"wp:attachment":[{"href":"https:\/\/blogs.elcomercio.es\/retorcida-realidad\/wp-json\/wp\/v2\/media?parent=5119"}],"wp:term":[{"taxonomy":"category","embeddable":true,"href":"https:\/\/blogs.elcomercio.es\/retorcida-realidad\/wp-json\/wp\/v2\/categories?post=5119"},{"taxonomy":"post_tag","embeddable":true,"href":"https:\/\/blogs.elcomercio.es\/retorcida-realidad\/wp-json\/wp\/v2\/tags?post=5119"}],"curies":[{"name":"wp","href":"https:\/\/api.w.org\/{rel}","templated":true}]}}