{"id":5124,"date":"2019-12-19T06:38:09","date_gmt":"2019-12-19T05:38:09","guid":{"rendered":"https:\/\/blogs.elcomercio.es\/retorcida-realidad\/?p=5124"},"modified":"2019-12-19T06:39:43","modified_gmt":"2019-12-19T05:39:43","slug":"un-nuevo-papel","status":"publish","type":"post","link":"https:\/\/blogs.elcomercio.es\/retorcida-realidad\/2019\/12\/19\/un-nuevo-papel\/","title":{"rendered":"Un nuevo papel."},"content":{"rendered":"<p><a href=\"https:\/\/static-blogs.elcomercio.es\/wp-content\/uploads\/sites\/4\/2019\/12\/51062696-624x936.jpg\"><img loading=\"lazy\" class=\"size-medium wp-image-5125 alignleft\" src=\"https:\/\/static-blogs.elcomercio.es\/wp-content\/uploads\/sites\/4\/2019\/12\/51062696-624x936-200x300.jpg\" alt=\"\" width=\"200\" height=\"300\" srcset=\"https:\/\/static-blogs.elcomercio.es\/wp-content\/uploads\/sites\/4\/2019\/12\/51062696-624x936-200x300.jpg 200w, https:\/\/static-blogs.elcomercio.es\/wp-content\/uploads\/sites\/4\/2019\/12\/51062696-624x936.jpg 624w\" sizes=\"(max-width: 200px) 100vw, 200px\" \/><\/a>A algunos puede sorprenderles el papel que est\u00e1 desempe\u00f1ando la Federaci\u00f3n Asturiana de Empresarios (Fade). Me refiero a sus continuas cr\u00edticas hacia el gobierno asturiano a cuenta, por ejemplo, del proyecto de presupuestos. Las discrepancias incluso tuvieron lugar por un v\u00eddeo en el cual, seg\u00fan la patronal de los empresarios, se denunciaba el estado de las infraestructuras en nuestro para\u00edso natural. Eso, claro, sent\u00f3 como un tiro a nuestros gobernantes debido a que su intensa difusi\u00f3n en las redes sociales \u00ab<em>perjudic\u00f3 los intereses de Asturias<\/em>\u00bb, seg\u00fan el vicepresidente del Principado,<em> Juan Cofi\u00f1o<\/em>. <strong>Oigan, como si no hiciese falta m\u00e1s que ver los indicadores econ\u00f3micos para retratarnos. Nota: d\u00edgame uno solo que sea positivo. Oigan, como si quien quiera invertir aqu\u00ed se fuese a fiar de un simple video y no de los informes de coyuntura. Nota: seguimos pensando que los inversores son medio tontos.<\/strong> En fin, la cuesti\u00f3n levant\u00f3 ampollas y desde entonces podr\u00edamos decir que las relaciones est\u00e1n bastante tensas. Como digo, algo a lo que no est\u00e1bamos acostumbrados.<\/p>\n<p><strong><a href=\"https:\/\/static-blogs.elcomercio.es\/wp-content\/uploads\/sites\/4\/2019\/12\/51099671-624x454.jpg\"><img loading=\"lazy\" class=\"size-medium wp-image-5126 alignleft\" src=\"https:\/\/static-blogs.elcomercio.es\/wp-content\/uploads\/sites\/4\/2019\/12\/51099671-624x454-300x218.jpg\" alt=\"\" width=\"300\" height=\"218\" srcset=\"https:\/\/static-blogs.elcomercio.es\/wp-content\/uploads\/sites\/4\/2019\/12\/51099671-624x454-300x218.jpg 300w, https:\/\/static-blogs.elcomercio.es\/wp-content\/uploads\/sites\/4\/2019\/12\/51099671-624x454.jpg 624w\" sizes=\"(max-width: 300px) 100vw, 300px\" \/><\/a>S\u00ed, porque durante muchos a\u00f1os la Fade fue el tercer sindicato.<\/strong> En aquellas excelsas concertaciones sociales que se produc\u00edan, la voz de los empresarios no era m\u00e1s que una comparsa. En ning\u00fan momento, discordante o cr\u00edtica en defensa de sus ideas. M\u00e1s bien, todo lo contrario. Se repart\u00edan los millones imaginarios que ofrec\u00eda el gobierno asturiano -junto con las organizaciones sindicales- casi de manera autom\u00e1tica. S\u00f3lo por el hecho de firmar un documento vac\u00edo de contenido y hacerse una foto. Tal era as\u00ed, que jam\u00e1s escuch\u00e1bamos una sola enmienda hacia la pol\u00edtica oficial o cualquier tipo de medida que pudiera perjudicarles. <strong>Sinceramente, la simbiosis era total y no se sab\u00eda muy bien d\u00f3nde empezaban los intereses de cada uno. A la postre, los agentes sociales parec\u00edan una especie de Sant\u00edsima Trinidad: unidos en cuerpo y alma a la acci\u00f3n del ejecutivo de turno.<\/strong><\/p>\n<p><a href=\"https:\/\/static-blogs.elcomercio.es\/wp-content\/uploads\/sites\/4\/2019\/12\/cofino-kELG-U90955342062JXD-624x385@El-Comercio.jpg\"><img loading=\"lazy\" class=\"size-medium wp-image-5127 alignleft\" src=\"https:\/\/static-blogs.elcomercio.es\/wp-content\/uploads\/sites\/4\/2019\/12\/cofino-kELG-U90955342062JXD-624x385@El-Comercio-300x186.jpg\" alt=\"\" width=\"300\" height=\"186\" srcset=\"https:\/\/static-blogs.elcomercio.es\/wp-content\/uploads\/sites\/4\/2019\/12\/cofino-kELG-U90955342062JXD-624x385@El-Comercio-300x186.jpg 300w, https:\/\/static-blogs.elcomercio.es\/wp-content\/uploads\/sites\/4\/2019\/12\/cofino-kELG-U90955342062JXD-624x385@El-Comercio.jpg 622w\" sizes=\"(max-width: 300px) 100vw, 300px\" \/><\/a>Sin embargo, como ahora no es as\u00ed a muchos les descoloca. <strong>Entiendo que la Fade tiene todo el derecho del mundo a expresar sus opiniones (que nunca deber\u00edan de ser partidistas).<\/strong> Incluso que intenten -como lobby que son- influir en el gobierno de Adri\u00e1n Barb\u00f3n. Ocurre en cualquier lugar mundo, salvo aqu\u00ed donde parece que se pretende congelar el tiempo. <strong>Lo normal, digo, es que sus intereses con respecto a los sindicatos sean contrapuestos (que no antag\u00f3nicos).<\/strong> Pregunto, si las cuentas asturianas siguen una l\u00ednea de mantener una inversi\u00f3n que apenas supera los 300 millones de euros, \u00bfdeben los empresarios callarse la boca y darla por buena? Si el gasto social sigue siendo expansivo y no se quiere embridarlo, \u00bfdebe la patronal bendecir este incremento a\u00f1o tras a\u00f1o? Si las carreteras adolecen de mantenimiento, \u00bfdeben seguir soportando baches y argayos? Para algunos, repito, s\u00ed.<\/p>\n<p><strong><em>@balbuenajm<\/em><\/strong><\/p>\n<!-- AddThis Advanced Settings generic via filter on the_content --><!-- AddThis Share Buttons generic via filter on the_content -->","protected":false},"excerpt":{"rendered":"<p>A algunos puede sorprenderles el papel que est\u00e1 desempe\u00f1ando la Federaci\u00f3n Asturiana de Empresarios (Fade). Me refiero a sus continuas cr\u00edticas hacia el gobierno asturiano a cuenta, por ejemplo, del proyecto de presupuestos. Las discrepancias incluso tuvieron lugar por un v\u00eddeo en el cual, seg\u00fan la patronal de los empresarios, se denunciaba el estado de [&hellip;]<!-- AddThis Advanced Settings generic via filter on get_the_excerpt --><!-- AddThis Share Buttons generic via filter on get_the_excerpt --><\/p>\n","protected":false},"author":5,"featured_media":0,"comment_status":"open","ping_status":"open","sticky":false,"template":"","format":"standard","meta":[],"categories":[1],"tags":[140,5,704,503,672,428,551,781,723,782,502,281,438,282],"_links":{"self":[{"href":"https:\/\/blogs.elcomercio.es\/retorcida-realidad\/wp-json\/wp\/v2\/posts\/5124"}],"collection":[{"href":"https:\/\/blogs.elcomercio.es\/retorcida-realidad\/wp-json\/wp\/v2\/posts"}],"about":[{"href":"https:\/\/blogs.elcomercio.es\/retorcida-realidad\/wp-json\/wp\/v2\/types\/post"}],"author":[{"embeddable":true,"href":"https:\/\/blogs.elcomercio.es\/retorcida-realidad\/wp-json\/wp\/v2\/users\/5"}],"replies":[{"embeddable":true,"href":"https:\/\/blogs.elcomercio.es\/retorcida-realidad\/wp-json\/wp\/v2\/comments?post=5124"}],"version-history":[{"count":1,"href":"https:\/\/blogs.elcomercio.es\/retorcida-realidad\/wp-json\/wp\/v2\/posts\/5124\/revisions"}],"predecessor-version":[{"id":5128,"href":"https:\/\/blogs.elcomercio.es\/retorcida-realidad\/wp-json\/wp\/v2\/posts\/5124\/revisions\/5128"}],"wp:attachment":[{"href":"https:\/\/blogs.elcomercio.es\/retorcida-realidad\/wp-json\/wp\/v2\/media?parent=5124"}],"wp:term":[{"taxonomy":"category","embeddable":true,"href":"https:\/\/blogs.elcomercio.es\/retorcida-realidad\/wp-json\/wp\/v2\/categories?post=5124"},{"taxonomy":"post_tag","embeddable":true,"href":"https:\/\/blogs.elcomercio.es\/retorcida-realidad\/wp-json\/wp\/v2\/tags?post=5124"}],"curies":[{"name":"wp","href":"https:\/\/api.w.org\/{rel}","templated":true}]}}