{"id":5130,"date":"2019-12-21T12:42:29","date_gmt":"2019-12-21T11:42:29","guid":{"rendered":"https:\/\/blogs.elcomercio.es\/retorcida-realidad\/?p=5130"},"modified":"2019-12-21T12:42:45","modified_gmt":"2019-12-21T11:42:45","slug":"el-relato","status":"publish","type":"post","link":"https:\/\/blogs.elcomercio.es\/retorcida-realidad\/2019\/12\/21\/el-relato\/","title":{"rendered":"El relato."},"content":{"rendered":"<p><strong><a href=\"https:\/\/static-blogs.elcomercio.es\/wp-content\/uploads\/sites\/4\/2019\/12\/51265603-624x415.jpg\"><img loading=\"lazy\" class=\"size-medium wp-image-5131 alignleft\" src=\"https:\/\/static-blogs.elcomercio.es\/wp-content\/uploads\/sites\/4\/2019\/12\/51265603-624x415-300x200.jpg\" alt=\"\" width=\"300\" height=\"200\" srcset=\"https:\/\/static-blogs.elcomercio.es\/wp-content\/uploads\/sites\/4\/2019\/12\/51265603-624x415-300x200.jpg 300w, https:\/\/static-blogs.elcomercio.es\/wp-content\/uploads\/sites\/4\/2019\/12\/51265603-624x415.jpg 624w\" sizes=\"(max-width: 300px) 100vw, 300px\" \/><\/a>Tenemos que analizar c\u00f3mo se est\u00e1 produciendo el relato sobre el cierre del anillo navegable del Piles.<\/strong> Ya saben, la medida tomada por la concejal\u00eda de Medio Ambiente que ha resultado ser \u00abcasus belli\u00bb para el mundo del pirag\u00fcismo. El pasado viernes desde la propia concejal\u00eda se presentaba un plan de actuaciones para la recuperaci\u00f3n de nuestro r\u00edo. En el mismo, destacaba sobremanera el cierre de esta instalaci\u00f3n al acusarla de crear las cianobacterias que contaminan el Piles y la playa. Bien es cierto, que no es la \u00fanica fuente. <strong>De hecho, se reconocen vertidos directos por parte de otras entidades (el Chas o el complejo de Las Mestas), as\u00ed como un saneamiento muy deficiente que cuando llueve vierte materia fecal (los famosos alivios).<\/strong> Ahora bien, la acci\u00f3n dr\u00e1stica e inmediata se llev\u00f3 a cabo con la clausura del anillo navegable, pese a que lleva m\u00e1s de 16 a\u00f1os funcionando.<\/p>\n<p><a href=\"https:\/\/static-blogs.elcomercio.es\/wp-content\/uploads\/sites\/4\/2019\/12\/anillo-navegable-rio-piles-kz9-U901000115831tYD-624x385@El-Comercio.jpg\"><img loading=\"lazy\" class=\"size-medium wp-image-5132 alignleft\" src=\"https:\/\/static-blogs.elcomercio.es\/wp-content\/uploads\/sites\/4\/2019\/12\/anillo-navegable-rio-piles-kz9-U901000115831tYD-624x385@El-Comercio-300x185.jpg\" alt=\"\" width=\"300\" height=\"185\" srcset=\"https:\/\/static-blogs.elcomercio.es\/wp-content\/uploads\/sites\/4\/2019\/12\/anillo-navegable-rio-piles-kz9-U901000115831tYD-624x385@El-Comercio-300x185.jpg 300w, https:\/\/static-blogs.elcomercio.es\/wp-content\/uploads\/sites\/4\/2019\/12\/anillo-navegable-rio-piles-kz9-U901000115831tYD-624x385@El-Comercio.jpg 624w\" sizes=\"(max-width: 300px) 100vw, 300px\" \/><\/a>Pues bien, vamos a contar el relato tal y como deber\u00eda haberse producido. Nuestro Ayuntamiento, ante el informe realizado por parte de una consultora, tendr\u00eda que hab\u00e9rselo hecho llegar a la parte afectada, esto es, el Grupo Cultura Covadonga. Una vez examinado por parte de los t\u00e9cnicos deber\u00eda haberse analizado y buscar soluciones. <strong>Estando todos de acuerdo, por supuesto, que la salud p\u00fablica es lo primero.<\/strong> Desde luego, dejar sin poder entrenar o competir a un mont\u00f3n de ni\u00f1os y ni\u00f1as de sopet\u00f3n, no parece lo m\u00e1s razonable. M\u00e1xime si tenemos en cuenta que no existe un plan B: otro canal cercano donde poder realizar su deporte y compaginarlo con los estudios. <strong>Sin embargo, desde Medio Ambiente se han hecho las cosas al rev\u00e9s y he aqu\u00ed las consecuencias.<\/strong> Es decir, la reuni\u00f3n entre los t\u00e9cnicos se produjo ayer, justo una semana despu\u00e9s de haber tomado la decisi\u00f3n del cierre de la instalaci\u00f3n. <strong>Si el relato hubiese sido coherente desde el principio, nos hubi\u00e9semos ahorrado toda una semana de pol\u00e9mica y malos rollos.<\/strong><\/p>\n<p><em><strong>@balbuenajm<\/strong><\/em><\/p>\n<!-- AddThis Advanced Settings generic via filter on the_content --><!-- AddThis Share Buttons generic via filter on the_content -->","protected":false},"excerpt":{"rendered":"<p>Tenemos que analizar c\u00f3mo se est\u00e1 produciendo el relato sobre el cierre del anillo navegable del Piles. Ya saben, la medida tomada por la concejal\u00eda de Medio Ambiente que ha resultado ser \u00abcasus belli\u00bb para el mundo del pirag\u00fcismo. El pasado viernes desde la propia concejal\u00eda se presentaba un plan de actuaciones para la recuperaci\u00f3n [&hellip;]<!-- AddThis Advanced Settings generic via filter on get_the_excerpt --><!-- AddThis Share Buttons generic via filter on get_the_excerpt --><\/p>\n","protected":false},"author":5,"featured_media":0,"comment_status":"open","ping_status":"open","sticky":false,"template":"","format":"standard","meta":[],"categories":[1],"tags":[463,780,470,312,257,17,730,357,670,418],"_links":{"self":[{"href":"https:\/\/blogs.elcomercio.es\/retorcida-realidad\/wp-json\/wp\/v2\/posts\/5130"}],"collection":[{"href":"https:\/\/blogs.elcomercio.es\/retorcida-realidad\/wp-json\/wp\/v2\/posts"}],"about":[{"href":"https:\/\/blogs.elcomercio.es\/retorcida-realidad\/wp-json\/wp\/v2\/types\/post"}],"author":[{"embeddable":true,"href":"https:\/\/blogs.elcomercio.es\/retorcida-realidad\/wp-json\/wp\/v2\/users\/5"}],"replies":[{"embeddable":true,"href":"https:\/\/blogs.elcomercio.es\/retorcida-realidad\/wp-json\/wp\/v2\/comments?post=5130"}],"version-history":[{"count":1,"href":"https:\/\/blogs.elcomercio.es\/retorcida-realidad\/wp-json\/wp\/v2\/posts\/5130\/revisions"}],"predecessor-version":[{"id":5133,"href":"https:\/\/blogs.elcomercio.es\/retorcida-realidad\/wp-json\/wp\/v2\/posts\/5130\/revisions\/5133"}],"wp:attachment":[{"href":"https:\/\/blogs.elcomercio.es\/retorcida-realidad\/wp-json\/wp\/v2\/media?parent=5130"}],"wp:term":[{"taxonomy":"category","embeddable":true,"href":"https:\/\/blogs.elcomercio.es\/retorcida-realidad\/wp-json\/wp\/v2\/categories?post=5130"},{"taxonomy":"post_tag","embeddable":true,"href":"https:\/\/blogs.elcomercio.es\/retorcida-realidad\/wp-json\/wp\/v2\/tags?post=5130"}],"curies":[{"name":"wp","href":"https:\/\/api.w.org\/{rel}","templated":true}]}}