{"id":5135,"date":"2019-12-24T10:27:48","date_gmt":"2019-12-24T09:27:48","guid":{"rendered":"https:\/\/blogs.elcomercio.es\/retorcida-realidad\/?p=5135"},"modified":"2019-12-24T10:32:24","modified_gmt":"2019-12-24T09:32:24","slug":"erre-que-erre","status":"publish","type":"post","link":"https:\/\/blogs.elcomercio.es\/retorcida-realidad\/2019\/12\/24\/erre-que-erre\/","title":{"rendered":"Erre que erre."},"content":{"rendered":"<p><a href=\"https:\/\/static-blogs.elcomercio.es\/wp-content\/uploads\/sites\/4\/2019\/12\/estacion-gijon-khFF-624x385@El-Comercio.jpg\"><img loading=\"lazy\" class=\"size-medium wp-image-5136 alignleft\" src=\"https:\/\/static-blogs.elcomercio.es\/wp-content\/uploads\/sites\/4\/2019\/12\/estacion-gijon-khFF-624x385@El-Comercio-300x185.jpg\" alt=\"\" width=\"300\" height=\"185\" srcset=\"https:\/\/static-blogs.elcomercio.es\/wp-content\/uploads\/sites\/4\/2019\/12\/estacion-gijon-khFF-624x385@El-Comercio-300x185.jpg 300w, https:\/\/static-blogs.elcomercio.es\/wp-content\/uploads\/sites\/4\/2019\/12\/estacion-gijon-khFF-624x385@El-Comercio.jpg 624w\" sizes=\"(max-width: 300px) 100vw, 300px\" \/><\/a>Todas las ciudades del mundo parecen tener claro cu\u00e1l es su centro. Me refiero a esa zona donde se concentra el transporte y es lugar de paso masivo de gente. <strong>Todas las ciudades del mundo, repito, quieren que ese eje geogr\u00e1fico constituya un punto neur\u00e1lgico.<\/strong> En Oviedo, sin ir m\u00e1s lejos, tanto el tren como el autob\u00fas se concentran en el entorno de la calle Ur\u00eda. Aqu\u00ed, sin embargo, todav\u00eda no lo tenemos claro y parece que vamos a seguir discuti\u00e9ndolo \u00abad eternum\u00bb a cuenta del plan de v\u00edas. <strong>Para m\u00ed, sin duda, en Gij\u00f3n se encuentra situado en la zona de la plaza del Humedal.<\/strong> Es el lugar equidistante entre el este y oeste, donde se juntan, por otra parte, las l\u00edneas de autobuses urbanos. <strong>Si tuviera que situar esa famosa estaci\u00f3n intermodal que tanto llevamos esperando, ser\u00eda ah\u00ed. M\u00e1s o menos donde estaba la antigua que se derrib\u00f3 sin mayores contemplaciones.<\/strong> F\u00edjense que Gij\u00f3n ya tuvo una experiencia previa y seguimos sin aprender. En nuestra ciudad hubo dos estaciones -la susodicha del Humedal y la de Jovellanos- donde una estaba exultante de tr\u00e1fico y la otra qued\u00f3 como un simple apeadero.<strong> Y s\u00ed, la primera estaba en lo que podr\u00edamos llamar zona centro, mientras que la segunda lindaba con el barrio de Moreda, \u00bfles suena?<\/strong><\/p>\n<p><a href=\"https:\/\/static-blogs.elcomercio.es\/wp-content\/uploads\/sites\/4\/2019\/12\/cercanias-ksUH-575x383.jpg\"><img loading=\"lazy\" class=\"size-medium wp-image-5137 alignleft\" src=\"https:\/\/static-blogs.elcomercio.es\/wp-content\/uploads\/sites\/4\/2019\/12\/cercanias-ksUH-575x383-300x200.jpg\" alt=\"\" width=\"300\" height=\"200\" srcset=\"https:\/\/static-blogs.elcomercio.es\/wp-content\/uploads\/sites\/4\/2019\/12\/cercanias-ksUH-575x383-300x200.jpg 300w, https:\/\/static-blogs.elcomercio.es\/wp-content\/uploads\/sites\/4\/2019\/12\/cercanias-ksUH-575x383-768x511.jpg 768w, https:\/\/static-blogs.elcomercio.es\/wp-content\/uploads\/sites\/4\/2019\/12\/cercanias-ksUH-575x383.jpg 900w\" sizes=\"(max-width: 300px) 100vw, 300px\" \/><\/a>Digo esto a cuenta de la entrevista a nuestra alcaldesa, <em>Ana Gonz\u00e1lez<\/em>, que pudieron leer el domingo en estas mismas p\u00e1ginas. La regidora sigue con la err\u00f3nea creencia de que la ubicaci\u00f3n de una terminal no tiene importancia.<strong> O sea, que es igual situarla en \u00abLa Acerona\u00bb que en Pinzales, por ejemplo.<\/strong> De hecho, dice que entre ubicarla en Moreda o el Museo de Ferrocarril apenas hay 400 metros de diferencia. <strong>Poco m\u00e1s hab\u00eda entre el Humedal y la actual provisional de Sanz Crespo, pero el n\u00famero de pasajeros se ha reducido a la mitad desde que entr\u00f3 en funcionamiento en 2011.<\/strong> Entre que el servicio es bastante peor y hay una distancia mayor -quiz\u00e1 nuestra primera edil olvida que la gente viaja con maletas, bolsos, mochilas, coches de beb\u00e9s, etc\u00e9tera- la venta de billetes cay\u00f3 en picado. Son hechos poco discutibles. <strong>El que desde instancias municipales se replantase un proyecto que ya ol\u00eda -un cad\u00e1ver que llevaba 14 a\u00f1os pudri\u00e9ndose- fue s\u00f3lo un intento por revivirlo.<\/strong><\/p>\n<p><strong><a href=\"https:\/\/static-blogs.elcomercio.es\/wp-content\/uploads\/sites\/4\/2019\/12\/plan-vias-kRK-624x385@El-Comercio.jpg\"><img loading=\"lazy\" class=\"size-medium wp-image-5142 alignleft\" src=\"https:\/\/static-blogs.elcomercio.es\/wp-content\/uploads\/sites\/4\/2019\/12\/plan-vias-kRK-624x385@El-Comercio-300x185.jpg\" alt=\"\" width=\"300\" height=\"185\" srcset=\"https:\/\/static-blogs.elcomercio.es\/wp-content\/uploads\/sites\/4\/2019\/12\/plan-vias-kRK-624x385@El-Comercio-300x185.jpg 300w, https:\/\/static-blogs.elcomercio.es\/wp-content\/uploads\/sites\/4\/2019\/12\/plan-vias-kRK-624x385@El-Comercio.jpg 624w\" sizes=\"(max-width: 300px) 100vw, 300px\" \/><\/a>Cada d\u00eda que pasa est\u00e1 m\u00e1s claro que el estudio informativo va a se\u00f1alar a Moreda para la intermodal.<\/strong> Los discursos de la propia <em>Gonz\u00e1lez<\/em> han cambiado. De decir que iba a respetar el consenso del propio Ayuntamiento, a se\u00f1alar una cl\u00e1usula del convenio sobre el aumento de costes para justificar esta decisi\u00f3n. De que hubiera un total acuerdo entre las tres administraciones -municipal, auton\u00f3mica y estatal- a que el Ministerio de Fomento se lo pase por el forro. <strong>Es nuestra historia con el plan de v\u00edas. Creer que vamos hacia adelante y luego volver para atr\u00e1s. As\u00ed durante 18 a\u00f1os ya. Casi nada.<\/strong><\/p>\n<p style=\"text-align: center\">\u00a1Feliz Navidad!<\/p>\n<p style=\"text-align: center\"><em><strong>@balbuenajm<\/strong><\/em><\/p>\n<!-- AddThis Advanced Settings generic via filter on the_content --><!-- AddThis Share Buttons generic via filter on the_content -->","protected":false},"excerpt":{"rendered":"<p>Todas las ciudades del mundo parecen tener claro cu\u00e1l es su centro. Me refiero a esa zona donde se concentra el transporte y es lugar de paso masivo de gente. Todas las ciudades del mundo, repito, quieren que ese eje geogr\u00e1fico constituya un punto neur\u00e1lgico. En Oviedo, sin ir m\u00e1s lejos, tanto el tren como [&hellip;]<!-- AddThis Advanced Settings generic via filter on get_the_excerpt --><!-- AddThis Share Buttons generic via filter on get_the_excerpt --><\/p>\n","protected":false},"author":5,"featured_media":0,"comment_status":"open","ping_status":"open","sticky":false,"template":"","format":"standard","meta":[],"categories":[1],"tags":[463,17,417,437,555,419,36,66,461,496],"_links":{"self":[{"href":"https:\/\/blogs.elcomercio.es\/retorcida-realidad\/wp-json\/wp\/v2\/posts\/5135"}],"collection":[{"href":"https:\/\/blogs.elcomercio.es\/retorcida-realidad\/wp-json\/wp\/v2\/posts"}],"about":[{"href":"https:\/\/blogs.elcomercio.es\/retorcida-realidad\/wp-json\/wp\/v2\/types\/post"}],"author":[{"embeddable":true,"href":"https:\/\/blogs.elcomercio.es\/retorcida-realidad\/wp-json\/wp\/v2\/users\/5"}],"replies":[{"embeddable":true,"href":"https:\/\/blogs.elcomercio.es\/retorcida-realidad\/wp-json\/wp\/v2\/comments?post=5135"}],"version-history":[{"count":5,"href":"https:\/\/blogs.elcomercio.es\/retorcida-realidad\/wp-json\/wp\/v2\/posts\/5135\/revisions"}],"predecessor-version":[{"id":5144,"href":"https:\/\/blogs.elcomercio.es\/retorcida-realidad\/wp-json\/wp\/v2\/posts\/5135\/revisions\/5144"}],"wp:attachment":[{"href":"https:\/\/blogs.elcomercio.es\/retorcida-realidad\/wp-json\/wp\/v2\/media?parent=5135"}],"wp:term":[{"taxonomy":"category","embeddable":true,"href":"https:\/\/blogs.elcomercio.es\/retorcida-realidad\/wp-json\/wp\/v2\/categories?post=5135"},{"taxonomy":"post_tag","embeddable":true,"href":"https:\/\/blogs.elcomercio.es\/retorcida-realidad\/wp-json\/wp\/v2\/tags?post=5135"}],"curies":[{"name":"wp","href":"https:\/\/api.w.org\/{rel}","templated":true}]}}