{"id":5145,"date":"2019-12-26T08:02:54","date_gmt":"2019-12-26T07:02:54","guid":{"rendered":"https:\/\/blogs.elcomercio.es\/retorcida-realidad\/?p=5145"},"modified":"2019-12-26T08:06:24","modified_gmt":"2019-12-26T07:06:24","slug":"el-magma","status":"publish","type":"post","link":"https:\/\/blogs.elcomercio.es\/retorcida-realidad\/2019\/12\/26\/el-magma\/","title":{"rendered":"El magma."},"content":{"rendered":"<p><a href=\"https:\/\/static-blogs.elcomercio.es\/wp-content\/uploads\/sites\/4\/2019\/12\/51320997-624x364.jpg\"><img loading=\"lazy\" class=\"size-medium wp-image-5146 alignleft\" src=\"https:\/\/static-blogs.elcomercio.es\/wp-content\/uploads\/sites\/4\/2019\/12\/51320997-624x364-300x175.jpg\" alt=\"\" width=\"300\" height=\"175\" srcset=\"https:\/\/static-blogs.elcomercio.es\/wp-content\/uploads\/sites\/4\/2019\/12\/51320997-624x364-300x175.jpg 300w, https:\/\/static-blogs.elcomercio.es\/wp-content\/uploads\/sites\/4\/2019\/12\/51320997-624x364.jpg 624w\" sizes=\"(max-width: 300px) 100vw, 300px\" \/><\/a>Tal parece que se est\u00e1 creando una especie de magma de lo m\u00e1s denso.<strong> Uno donde se mezclan las instituciones del Estado y el propio Gobierno sin saber muy bien qu\u00e9 papel les corresponde.<\/strong> Tal parece, digo, que la investidura de <em>Pedro S\u00e1nchez<\/em> se est\u00e1 convirtiendo en un batiburrillo, hasta tal punto que es al propio Ejecutivo a quien se le atribuyen facultades imposibles. Los independentistas de Esquerra Republicana de Catalu\u00f1a (ERC) -a cuenta de la sentencia de la Justicia Europea donde se reconocen unos derechos para ser europarlamentario y nada m\u00e1s- quieren que la Abogac\u00eda del Estado pida la libertad de su l\u00edder, <em>Oriol Junqueras<\/em>. Asimismo, que se anule el juicio del \u00abProc\u00e9s\u00bb junto con la excarcelaci\u00f3n de los presos y regreso de los que llaman exiliados. <strong>En resumen, pretenden que S\u00e1nchez se pase por el forro una sentencia condenatoria por sedici\u00f3n, ojo, ni m\u00e1s ni menos que del Tribunal Supremo. Algo que ning\u00fan presidente espa\u00f1ol puede ni va a hacer. Al menos, eso es lo que esperamos.<\/strong><\/p>\n<p><a href=\"https:\/\/static-blogs.elcomercio.es\/wp-content\/uploads\/sites\/4\/2019\/12\/rey-U70880195733ycC-624x385@El-Comercio-ElComercio.jpg\"><img loading=\"lazy\" class=\"size-medium wp-image-5147 alignleft\" src=\"https:\/\/static-blogs.elcomercio.es\/wp-content\/uploads\/sites\/4\/2019\/12\/rey-U70880195733ycC-624x385@El-Comercio-ElComercio-300x185.jpg\" alt=\"\" width=\"300\" height=\"185\" srcset=\"https:\/\/static-blogs.elcomercio.es\/wp-content\/uploads\/sites\/4\/2019\/12\/rey-U70880195733ycC-624x385@El-Comercio-ElComercio-300x185.jpg 300w, https:\/\/static-blogs.elcomercio.es\/wp-content\/uploads\/sites\/4\/2019\/12\/rey-U70880195733ycC-624x385@El-Comercio-ElComercio.jpg 624w\" sizes=\"(max-width: 300px) 100vw, 300px\" \/><\/a>No contentos con esto, tambi\u00e9n se mete en el ajo a la propia Monarqu\u00eda. Se dec\u00eda que el discurso de la pasada Nochebuena era transcendental para este sinvivir pol\u00edtico que tenemos. <strong>M\u00e1s o menos, se le ped\u00eda al Rey que efectuase una especie de soflama, cant\u00e1ndole las cuarenta a todos nuestros pol\u00edticos.<\/strong> Parecido a lo que hizo en el famoso discurso posterior al uno de octubre y que represent\u00f3 el pistoletazo de salida para la aplicaci\u00f3n del art\u00edculo 155 de la Constituci\u00f3n. <strong>Eso s\u00ed, de forma bastante timorata.<\/strong> De este magma que se ha creado, como digo, tampoco se salva ni la Corona por mucho que represente la unidad de Espa\u00f1a. <strong>Se le exige que baje al barro en que se ha convertido nuestra pol\u00edtica, pese a que en este a\u00f1o que termina hemos pasado dos veces por las urnas.<\/strong> El Rey, sin duda, se limit\u00f3 a hacer un alegato por la convivencia y luego cada uno cogi\u00f3 la parte que m\u00e1s le interesaba. Pr\u00e1cticamente, lo mismo de siempre.<\/p>\n<p><a href=\"https:\/\/static-blogs.elcomercio.es\/wp-content\/uploads\/sites\/4\/2019\/12\/lastra-rufian-investidura-kNGG-U901041385188frD-624x385@RC.jpg\"><img loading=\"lazy\" class=\"size-medium wp-image-5148 alignleft\" src=\"https:\/\/static-blogs.elcomercio.es\/wp-content\/uploads\/sites\/4\/2019\/12\/lastra-rufian-investidura-kNGG-U901041385188frD-624x385@RC-300x185.jpg\" alt=\"\" width=\"300\" height=\"185\" srcset=\"https:\/\/static-blogs.elcomercio.es\/wp-content\/uploads\/sites\/4\/2019\/12\/lastra-rufian-investidura-kNGG-U901041385188frD-624x385@RC-300x185.jpg 300w, https:\/\/static-blogs.elcomercio.es\/wp-content\/uploads\/sites\/4\/2019\/12\/lastra-rufian-investidura-kNGG-U901041385188frD-624x385@RC.jpg 623w\" sizes=\"(max-width: 300px) 100vw, 300px\" \/><\/a>Entiendo que el PSOE de<em> Pedro S\u00e1nchez<\/em> quiera formar gobierno, pero cada d\u00eda que pasa est\u00e1 jugando m\u00e1s con fuego. <strong>Aceptar como compa\u00f1eros de viaje a ERC significa que va a acabar quem\u00e1ndose. No s\u00f3lo ante la opini\u00f3n p\u00fablica, sino tambi\u00e9n a nivel interno.<\/strong> Recuerden las palabras de <em>Emiliano Garc\u00eda-Page<\/em>, el presidente de Castilla-La Mancha, sobre esta negociaci\u00f3n con el independentismo. \u00ab<em>Yo para Reyes<\/em>\u00bb, dijo, \u00ab<em>lo que no quiero, como no creo que quiera ning\u00fan espa\u00f1ol, es vaselina<\/em>\u00bb. M\u00e1s claro el agua. Si los socialistas van a dejarse tantos pelos en la gatera, deber\u00edan de pensar si les merece la pena. Incluso si ser rehenes de un partido que no practica (ni quiere, por lo visto) la separaci\u00f3n de poderes va a ser bueno para ellos mismos. <strong>Desde luego, estamos viendo cosas que jam\u00e1s hab\u00edamos imaginado: que se le pida con total naturalidad al poder ejecutivo que interfiera y anule el judicial.<\/strong><\/p>\n<p><em><strong>@balbuenajm<\/strong><\/em><\/p>\n<!-- AddThis Advanced Settings generic via filter on the_content --><!-- AddThis Share Buttons generic via filter on the_content -->","protected":false},"excerpt":{"rendered":"<p>Tal parece que se est\u00e1 creando una especie de magma de lo m\u00e1s denso. Uno donde se mezclan las instituciones del Estado y el propio Gobierno sin saber muy bien qu\u00e9 papel les corresponde. Tal parece, digo, que la investidura de Pedro S\u00e1nchez se est\u00e1 convirtiendo en un batiburrillo, hasta tal punto que es al [&hellip;]<!-- AddThis Advanced Settings generic via filter on get_the_excerpt --><!-- AddThis Share Buttons generic via filter on get_the_excerpt --><\/p>\n","protected":false},"author":5,"featured_media":0,"comment_status":"open","ping_status":"open","sticky":false,"template":"","format":"standard","meta":[],"categories":[1],"tags":[439,442,509,783,634,63,441,438,198,443,496],"_links":{"self":[{"href":"https:\/\/blogs.elcomercio.es\/retorcida-realidad\/wp-json\/wp\/v2\/posts\/5145"}],"collection":[{"href":"https:\/\/blogs.elcomercio.es\/retorcida-realidad\/wp-json\/wp\/v2\/posts"}],"about":[{"href":"https:\/\/blogs.elcomercio.es\/retorcida-realidad\/wp-json\/wp\/v2\/types\/post"}],"author":[{"embeddable":true,"href":"https:\/\/blogs.elcomercio.es\/retorcida-realidad\/wp-json\/wp\/v2\/users\/5"}],"replies":[{"embeddable":true,"href":"https:\/\/blogs.elcomercio.es\/retorcida-realidad\/wp-json\/wp\/v2\/comments?post=5145"}],"version-history":[{"count":1,"href":"https:\/\/blogs.elcomercio.es\/retorcida-realidad\/wp-json\/wp\/v2\/posts\/5145\/revisions"}],"predecessor-version":[{"id":5149,"href":"https:\/\/blogs.elcomercio.es\/retorcida-realidad\/wp-json\/wp\/v2\/posts\/5145\/revisions\/5149"}],"wp:attachment":[{"href":"https:\/\/blogs.elcomercio.es\/retorcida-realidad\/wp-json\/wp\/v2\/media?parent=5145"}],"wp:term":[{"taxonomy":"category","embeddable":true,"href":"https:\/\/blogs.elcomercio.es\/retorcida-realidad\/wp-json\/wp\/v2\/categories?post=5145"},{"taxonomy":"post_tag","embeddable":true,"href":"https:\/\/blogs.elcomercio.es\/retorcida-realidad\/wp-json\/wp\/v2\/tags?post=5145"}],"curies":[{"name":"wp","href":"https:\/\/api.w.org\/{rel}","templated":true}]}}