{"id":5150,"date":"2019-12-28T12:33:40","date_gmt":"2019-12-28T11:33:40","guid":{"rendered":"https:\/\/blogs.elcomercio.es\/retorcida-realidad\/?p=5150"},"modified":"2019-12-28T12:49:06","modified_gmt":"2019-12-28T11:49:06","slug":"no-hay-ideas","status":"publish","type":"post","link":"https:\/\/blogs.elcomercio.es\/retorcida-realidad\/2019\/12\/28\/no-hay-ideas\/","title":{"rendered":"No hay ideas."},"content":{"rendered":"<p><a href=\"https:\/\/static-blogs.elcomercio.es\/wp-content\/uploads\/sites\/4\/2019\/12\/51412324-624x416.jpg\"><img loading=\"lazy\" class=\"size-medium wp-image-5151 alignleft\" src=\"https:\/\/static-blogs.elcomercio.es\/wp-content\/uploads\/sites\/4\/2019\/12\/51412324-624x416-300x200.jpg\" alt=\"\" width=\"300\" height=\"200\" srcset=\"https:\/\/static-blogs.elcomercio.es\/wp-content\/uploads\/sites\/4\/2019\/12\/51412324-624x416-300x200.jpg 300w, https:\/\/static-blogs.elcomercio.es\/wp-content\/uploads\/sites\/4\/2019\/12\/51412324-624x416.jpg 624w\" sizes=\"(max-width: 300px) 100vw, 300px\" \/><\/a>Vengo sosteniendo desde hace tiempo de que en Gij\u00f3n hacen falta ideas. <strong>Esto es, proyectos para crear ciudad y poner en marcha equipamiento nuevos.<\/strong> Es el caso, sin ir m\u00e1s lejos, de lo que sucede con la Casa Paquet. En 2017 nuestro Ayuntamiento firm\u00f3 un contrato de alquiler con sus propietarios, a la postre, el Instituto Catequista Dolores Sope\u00f1a. El mismo contemplaba el pago de una renta de 18.000 euros anuales, m\u00e1s la realizaci\u00f3n de obras por importe de 620.000 euros. Pues bien, dos a\u00f1os despu\u00e9s los trabajos ya han concluido, pero no sabemos qu\u00e9 hacer con el edificio. <strong>As\u00ed como suena.<\/strong> No gastamos una pasta en acondicionarlo y, f\u00edjense, todav\u00eda no hemos decidido el uso que se le va a dar. La propia alcaldesa, <em>Ana Gonz\u00e1lez<\/em>, dec\u00eda que \u00ab<em>Es un proyecto que nos est\u00e1 costando much\u00edsimo<\/em>\u00bb. Y tanto, oigan. <strong>Parece incre\u00edble que ahora, despu\u00e9s de toda esa inversi\u00f3n, se diga que el principal problema est\u00e1 en que no es accesible.<\/strong> Es decir, se le pone pegas porque, como todas las construcciones de su \u00e9poca, tiene barreras arquitect\u00f3nicas. <strong>Algo, digo yo, que ya se sab\u00eda antes de firmar el arrendamiento y realizar el susodicho desembolso.<\/strong><\/p>\n<p><a href=\"https:\/\/static-blogs.elcomercio.es\/wp-content\/uploads\/sites\/4\/2019\/12\/46343134-624x415.jpg\"><img loading=\"lazy\" class=\"size-medium wp-image-5152 alignleft\" src=\"https:\/\/static-blogs.elcomercio.es\/wp-content\/uploads\/sites\/4\/2019\/12\/46343134-624x415-300x200.jpg\" alt=\"\" width=\"300\" height=\"200\" srcset=\"https:\/\/static-blogs.elcomercio.es\/wp-content\/uploads\/sites\/4\/2019\/12\/46343134-624x415-300x200.jpg 300w, https:\/\/static-blogs.elcomercio.es\/wp-content\/uploads\/sites\/4\/2019\/12\/46343134-624x415.jpg 624w\" sizes=\"(max-width: 300px) 100vw, 300px\" \/><\/a>Nuestros actuales gobernantes desechan convertirlo en un albergue para peregrinos precisamente por eso, a pesar de que en el contrato es el uso que se manifiesta. Seg\u00fan <em>Gonz\u00e1lez<\/em>, \u00ab<em>Decir que vamos a hacer un albergue de peregrinos pero que no sea accesible no responde a un modelo de ciudad inclusiva<\/em>\u00bb. No s\u00e9, como si fuese el \u00fanico edificio hist\u00f3rico en Gij\u00f3n que tuviese esa traba. Ejemplo, el de Correos situado en la plaza Seis de Agosto. <strong>A m\u00ed la idea del albergue nunca me entusiasm\u00f3, aunque ser\u00eda potenciar el paso del Camino de Santiago por nuestra ciudad. Sin embargo, las alternativas que se ofrecen me parecen mucho peores porque son un aut\u00e9ntico caj\u00f3n de sastre.<\/strong> O sea, hacer un vivero de empresas que sirve tanto para un roto como para un descosido, o acoger alg\u00fan departamento del Ayuntamiento sin mayor gloria. <strong>En resumen, soluciones pobres que demuestran lo que les acabo de decir: no hay ideas.<\/strong> Imag\u00ednense si, como se lleg\u00f3 incluso a proponer, el cercano Palacio de Revillagigedo cae en manos municipales. <strong>Ni me quiero imaginar lo que podr\u00eda haber en su interior.<\/strong><\/p>\n<p><a href=\"https:\/\/static-blogs.elcomercio.es\/wp-content\/uploads\/sites\/4\/2019\/12\/tabacalera-gijon-U40217254423vTF-624x385@El-Comercio-ElComercio.jpg\"><img loading=\"lazy\" class=\"size-medium wp-image-5153 alignleft\" src=\"https:\/\/static-blogs.elcomercio.es\/wp-content\/uploads\/sites\/4\/2019\/12\/tabacalera-gijon-U40217254423vTF-624x385@El-Comercio-ElComercio-300x185.jpg\" alt=\"\" width=\"300\" height=\"185\" srcset=\"https:\/\/static-blogs.elcomercio.es\/wp-content\/uploads\/sites\/4\/2019\/12\/tabacalera-gijon-U40217254423vTF-624x385@El-Comercio-ElComercio-300x185.jpg 300w, https:\/\/static-blogs.elcomercio.es\/wp-content\/uploads\/sites\/4\/2019\/12\/tabacalera-gijon-U40217254423vTF-624x385@El-Comercio-ElComercio.jpg 624w\" sizes=\"(max-width: 300px) 100vw, 300px\" \/><\/a>Esto mismo se puede decir de la obra de rehabilitaci\u00f3n de la antigua f\u00e1brica de tabacos en Cimavilla. <strong>La cuantiosa inversi\u00f3n -la mayor contemplada en el presupuesto- no tiene todav\u00eda un plan de usos definido.<\/strong> La obra de consolidaci\u00f3n acabar\u00e1 este a\u00f1o que viene y para el siguiente se entrar\u00e1 en la segunda fase. Ahora bien, s\u00f3lo escuchamos retazos, esbozos de lo que se quiere hacer, pero nada en concreto. De vez en cuando, el concejal de cultura, <em>Alberto Ferrao<\/em>, nos habla de un \u00abe<em>quipamiento vivo y din\u00e1mico que genere actividad<\/em>\u00bb sin entrar en profundidades. <strong>Lo dicho: a que se acaba y no sabemos para qu\u00e9 va a servir.<\/strong><\/p>\n<p><em><strong>@balbuenajm<\/strong><\/em><\/p>\n<!-- AddThis Advanced Settings generic via filter on the_content --><!-- AddThis Share Buttons generic via filter on the_content -->","protected":false},"excerpt":{"rendered":"<p>Vengo sosteniendo desde hace tiempo de que en Gij\u00f3n hacen falta ideas. Esto es, proyectos para crear ciudad y poner en marcha equipamiento nuevos. Es el caso, sin ir m\u00e1s lejos, de lo que sucede con la Casa Paquet. En 2017 nuestro Ayuntamiento firm\u00f3 un contrato de alquiler con sus propietarios, a la postre, el [&hellip;]<!-- AddThis Advanced Settings generic via filter on get_the_excerpt --><!-- AddThis Share Buttons generic via filter on get_the_excerpt --><\/p>\n","protected":false},"author":5,"featured_media":0,"comment_status":"open","ping_status":"open","sticky":false,"template":"","format":"standard","meta":[],"categories":[1],"tags":[463,312,784,17,555,695,461],"_links":{"self":[{"href":"https:\/\/blogs.elcomercio.es\/retorcida-realidad\/wp-json\/wp\/v2\/posts\/5150"}],"collection":[{"href":"https:\/\/blogs.elcomercio.es\/retorcida-realidad\/wp-json\/wp\/v2\/posts"}],"about":[{"href":"https:\/\/blogs.elcomercio.es\/retorcida-realidad\/wp-json\/wp\/v2\/types\/post"}],"author":[{"embeddable":true,"href":"https:\/\/blogs.elcomercio.es\/retorcida-realidad\/wp-json\/wp\/v2\/users\/5"}],"replies":[{"embeddable":true,"href":"https:\/\/blogs.elcomercio.es\/retorcida-realidad\/wp-json\/wp\/v2\/comments?post=5150"}],"version-history":[{"count":3,"href":"https:\/\/blogs.elcomercio.es\/retorcida-realidad\/wp-json\/wp\/v2\/posts\/5150\/revisions"}],"predecessor-version":[{"id":5156,"href":"https:\/\/blogs.elcomercio.es\/retorcida-realidad\/wp-json\/wp\/v2\/posts\/5150\/revisions\/5156"}],"wp:attachment":[{"href":"https:\/\/blogs.elcomercio.es\/retorcida-realidad\/wp-json\/wp\/v2\/media?parent=5150"}],"wp:term":[{"taxonomy":"category","embeddable":true,"href":"https:\/\/blogs.elcomercio.es\/retorcida-realidad\/wp-json\/wp\/v2\/categories?post=5150"},{"taxonomy":"post_tag","embeddable":true,"href":"https:\/\/blogs.elcomercio.es\/retorcida-realidad\/wp-json\/wp\/v2\/tags?post=5150"}],"curies":[{"name":"wp","href":"https:\/\/api.w.org\/{rel}","templated":true}]}}