{"id":5158,"date":"2019-12-31T11:13:31","date_gmt":"2019-12-31T10:13:31","guid":{"rendered":"https:\/\/blogs.elcomercio.es\/retorcida-realidad\/?p=5158"},"modified":"2019-12-31T11:15:22","modified_gmt":"2019-12-31T10:15:22","slug":"ni-tanto-ni-tan-poco","status":"publish","type":"post","link":"https:\/\/blogs.elcomercio.es\/retorcida-realidad\/2019\/12\/31\/ni-tanto-ni-tan-poco\/","title":{"rendered":"Ni tanto, ni tan poco."},"content":{"rendered":"<p><a href=\"https:\/\/static-blogs.elcomercio.es\/wp-content\/uploads\/sites\/4\/2019\/12\/51524364-624x450.jpg\"><img loading=\"lazy\" class=\"size-medium wp-image-5159 alignleft\" src=\"https:\/\/static-blogs.elcomercio.es\/wp-content\/uploads\/sites\/4\/2019\/12\/51524364-624x450-300x216.jpg\" alt=\"\" width=\"300\" height=\"216\" srcset=\"https:\/\/static-blogs.elcomercio.es\/wp-content\/uploads\/sites\/4\/2019\/12\/51524364-624x450-300x216.jpg 300w, https:\/\/static-blogs.elcomercio.es\/wp-content\/uploads\/sites\/4\/2019\/12\/51524364-624x450.jpg 624w\" sizes=\"(max-width: 300px) 100vw, 300px\" \/><\/a>En Gij\u00f3n pasamos de la nada al todo con mucha facilidad. F\u00edjense si no lo que est\u00e1 sucediendo con los temas medioambientales. <strong>Nuestra sensibilidad hacia la contaminaci\u00f3n es muy alta. Yo dir\u00eda incluso que estamos por encima de la media. Ojo, y no pienso que eso est\u00e9 mal. Ni mucho menos.<\/strong> Vivimos tiempos donde se mira m\u00e1s que nunca la ecolog\u00eda en contraposici\u00f3n, como digo, con otros donde no importaba casi nada. Cuando yo era peque\u00f1o (Jur\u00e1sico inferior) los peces aparec\u00edan panza arriba en la playa. Un r\u00edo Piles hipercontaminado -mucho m\u00e1s de lo que ahora nos escandaliza- mataba toda la fauna y casi a la poblaci\u00f3n. No era como en este episodio que tanta polvareda ha levantado por siete ejemplares muertos de una misma especie, sino que se trataba de cientos y de toda laya. \u00bfSe preocupaba alguien por ello? \u00bfSe ped\u00edan acaso responsabilidades? En absoluto. <strong>La sociedad de la \u00e9poca ve\u00eda aquello como algo normal, porque, al fin y al cabo, se consideraba a nuestro r\u00edo como un vertedero de mierda.<\/strong> Nada que ver, afortunadamente, con la conciencia hacia el medioambiente que en la actualidad tenemos.<\/p>\n<p><a href=\"https:\/\/static-blogs.elcomercio.es\/wp-content\/uploads\/sites\/4\/2019\/12\/unidad-movil-contaminacion-gijon-kmVG-U901089515517jZ-624x385@El-Comercio.jpg\"><img loading=\"lazy\" class=\"size-medium wp-image-5161 alignleft\" src=\"https:\/\/static-blogs.elcomercio.es\/wp-content\/uploads\/sites\/4\/2019\/12\/unidad-movil-contaminacion-gijon-kmVG-U901089515517jZ-624x385@El-Comercio-300x185.jpg\" alt=\"\" width=\"300\" height=\"185\" srcset=\"https:\/\/static-blogs.elcomercio.es\/wp-content\/uploads\/sites\/4\/2019\/12\/unidad-movil-contaminacion-gijon-kmVG-U901089515517jZ-624x385@El-Comercio-300x185.jpg 300w, https:\/\/static-blogs.elcomercio.es\/wp-content\/uploads\/sites\/4\/2019\/12\/unidad-movil-contaminacion-gijon-kmVG-U901089515517jZ-624x385@El-Comercio.jpg 624w\" sizes=\"(max-width: 300px) 100vw, 300px\" \/><\/a>As\u00ed y todo, sorprende el l\u00edmite al que estamos llevando las cosas. M\u00e1s o menos, hace poco m\u00e1s de una semana que no tenemos temporales. Llev\u00e1bamos dos meses sin parar de intensas lluvias y fuertes vientos. Las borrascas se fueron sucediendo unas a otras casi sin ponerle ya nombres porque se agotaban. Daniel, Elsa, Fabien, etc\u00e9tera. Hasta tres frentes atl\u00e1nticos seguidos tuvimos en los d\u00edas previos a la Navidad.<strong> Llevamos, pues, con tiempo soleado y estable cerca de una semana. Sin embargo, hay voces que ya alertan sobre la contaminaci\u00f3n en la ciudad.<\/strong> Piden incluso que se declare la alerta -con la puesta en marcha de los protocolos, claro- porque \u00abel nivel de part\u00edculas est\u00e1 disparado\u00bb. Todo ello, repito, despu\u00e9s de haber sido limpiados por el diluvio universal y vientos que superaron con creces los cien kil\u00f3metros por hora. <strong>Si por unos cuantos d\u00edas de situaci\u00f3n anticicl\u00f3nica ya estamos poniendo el grito en el cielo, intuyo que lo mejor para nuestra salud es que llueva y las borrascas act\u00faen constantemente. Vamos, que No\u00e9 saque su arca y as\u00ed todos felices. Seamos un nuevo Mordor.<\/strong><\/p>\n<p><strong><a href=\"https:\/\/static-blogs.elcomercio.es\/wp-content\/uploads\/sites\/4\/2019\/12\/contaminacion-gijon-k4yC-U401021976076VmB-624x385@El-Comercio-k5TE-U901068405164WrD-624x385@El-Comercio.jpg\"><img loading=\"lazy\" class=\"size-medium wp-image-5160 alignleft\" src=\"https:\/\/static-blogs.elcomercio.es\/wp-content\/uploads\/sites\/4\/2019\/12\/contaminacion-gijon-k4yC-U401021976076VmB-624x385@El-Comercio-k5TE-U901068405164WrD-624x385@El-Comercio-300x185.jpg\" alt=\"\" width=\"300\" height=\"185\" srcset=\"https:\/\/static-blogs.elcomercio.es\/wp-content\/uploads\/sites\/4\/2019\/12\/contaminacion-gijon-k4yC-U401021976076VmB-624x385@El-Comercio-k5TE-U901068405164WrD-624x385@El-Comercio-300x185.jpg 300w, https:\/\/static-blogs.elcomercio.es\/wp-content\/uploads\/sites\/4\/2019\/12\/contaminacion-gijon-k4yC-U401021976076VmB-624x385@El-Comercio-k5TE-U901068405164WrD-624x385@El-Comercio.jpg 624w\" sizes=\"(max-width: 300px) 100vw, 300px\" \/><\/a>Es m\u00e1s, en las redes sociales se fomenta la imagen de un Gij\u00f3n contaminado, cuando lo est\u00e1 en su justa medida.<\/strong> En los d\u00edas claros, aparecen cientos de fotos donde se ven nubes de humo en el horizonte. Hechas desde todos los lados y \u00e1ngulos posibles. <strong>En fin, d\u00edganme en qu\u00e9 ciudad del mundo no se ve alg\u00fan rastro de una chimenea cualquiera.<\/strong> M\u00e1xime, si tenemos en cuenta que esta es -y lo fue mucho m\u00e1s- una urbe industrial. Buena prueba es que nuestros barrios toman el nombre de las industrias que un d\u00eda hubo: Laviada, sin ir m\u00e1s lejos. Ahora bien, parece que queremos poner el list\u00f3n muy alto. Lo dicho: ni tanto, ni tan poco.<\/p>\n<p><em><strong>@balbuenajm<\/strong><\/em><\/p>\n<!-- AddThis Advanced Settings generic via filter on the_content --><!-- AddThis Share Buttons generic via filter on the_content -->","protected":false},"excerpt":{"rendered":"<p>En Gij\u00f3n pasamos de la nada al todo con mucha facilidad. F\u00edjense si no lo que est\u00e1 sucediendo con los temas medioambientales. Nuestra sensibilidad hacia la contaminaci\u00f3n es muy alta. Yo dir\u00eda incluso que estamos por encima de la media. Ojo, y no pienso que eso est\u00e9 mal. Ni mucho menos. Vivimos tiempos donde se [&hellip;]<!-- AddThis Advanced Settings generic via filter on get_the_excerpt --><!-- AddThis Share Buttons generic via filter on get_the_excerpt --><\/p>\n","protected":false},"author":5,"featured_media":0,"comment_status":"open","ping_status":"open","sticky":false,"template":"","format":"standard","meta":[],"categories":[1],"tags":[5,132,312,557,257,436,581,558,17,281,670],"_links":{"self":[{"href":"https:\/\/blogs.elcomercio.es\/retorcida-realidad\/wp-json\/wp\/v2\/posts\/5158"}],"collection":[{"href":"https:\/\/blogs.elcomercio.es\/retorcida-realidad\/wp-json\/wp\/v2\/posts"}],"about":[{"href":"https:\/\/blogs.elcomercio.es\/retorcida-realidad\/wp-json\/wp\/v2\/types\/post"}],"author":[{"embeddable":true,"href":"https:\/\/blogs.elcomercio.es\/retorcida-realidad\/wp-json\/wp\/v2\/users\/5"}],"replies":[{"embeddable":true,"href":"https:\/\/blogs.elcomercio.es\/retorcida-realidad\/wp-json\/wp\/v2\/comments?post=5158"}],"version-history":[{"count":1,"href":"https:\/\/blogs.elcomercio.es\/retorcida-realidad\/wp-json\/wp\/v2\/posts\/5158\/revisions"}],"predecessor-version":[{"id":5162,"href":"https:\/\/blogs.elcomercio.es\/retorcida-realidad\/wp-json\/wp\/v2\/posts\/5158\/revisions\/5162"}],"wp:attachment":[{"href":"https:\/\/blogs.elcomercio.es\/retorcida-realidad\/wp-json\/wp\/v2\/media?parent=5158"}],"wp:term":[{"taxonomy":"category","embeddable":true,"href":"https:\/\/blogs.elcomercio.es\/retorcida-realidad\/wp-json\/wp\/v2\/categories?post=5158"},{"taxonomy":"post_tag","embeddable":true,"href":"https:\/\/blogs.elcomercio.es\/retorcida-realidad\/wp-json\/wp\/v2\/tags?post=5158"}],"curies":[{"name":"wp","href":"https:\/\/api.w.org\/{rel}","templated":true}]}}