{"id":5219,"date":"2020-01-23T07:36:39","date_gmt":"2020-01-23T06:36:39","guid":{"rendered":"https:\/\/blogs.elcomercio.es\/retorcida-realidad\/?p=5219"},"modified":"2020-01-23T07:38:28","modified_gmt":"2020-01-23T06:38:28","slug":"los-tontos-climaticos","status":"publish","type":"post","link":"https:\/\/blogs.elcomercio.es\/retorcida-realidad\/2020\/01\/23\/los-tontos-climaticos\/","title":{"rendered":"Los tontos clim\u00e1ticos."},"content":{"rendered":"<p><a href=\"https:\/\/static-blogs.elcomercio.es\/wp-content\/uploads\/sites\/4\/2020\/01\/52192229-732x348.jpg\"><img loading=\"lazy\" class=\"size-medium wp-image-5220 alignleft\" src=\"https:\/\/static-blogs.elcomercio.es\/wp-content\/uploads\/sites\/4\/2020\/01\/52192229-732x348-300x143.jpg\" alt=\"\" width=\"300\" height=\"143\" srcset=\"https:\/\/static-blogs.elcomercio.es\/wp-content\/uploads\/sites\/4\/2020\/01\/52192229-732x348-300x143.jpg 300w, https:\/\/static-blogs.elcomercio.es\/wp-content\/uploads\/sites\/4\/2020\/01\/52192229-732x348.jpg 732w\" sizes=\"(max-width: 300px) 100vw, 300px\" \/><\/a>En el Consejo de Ministros del pasado martes se aprob\u00f3 la declaraci\u00f3n de emergencia clim\u00e1tica y ambiental. En palabras de la vicepresidenta y ministra para la Transici\u00f3n Ecol\u00f3gica, <em>Teresa Ribera<\/em>, permitir\u00e1 \u00ab<em>ir m\u00e1s deprisa<\/em>\u00bb en la descarbonizaci\u00f3n y responder a la \u00ab<em>demanda social<\/em>\u00bb. El objetivo es que en 2050 el sistema de generaci\u00f3n de energ\u00eda sea cien por cien renovable, as\u00ed como que se produzcan cero emisiones a la atm\u00f3sfera. <strong>En cambio, el Estatuto del Consumidor Electrointensivo no avanza de manera tan r\u00e1pida. El Gobierno ha incumplido su promesa de aprobarlo de forma urgente.<\/strong> Dijo que lo har\u00eda nada m\u00e1s hubiese sido nombrado y seguimos igual: sin perspectiva de que esto se produzca. El coste para la industria es importante ya que est\u00e1n pagando la segunda tarifa el\u00e9ctrica m\u00e1s alta de Europa. Encima, sin mecanismos de compensaci\u00f3n, puesto que, el sistema de interrumpibilidad como se demostr\u00f3 en la \u00faltima subasta, ha resultado ser un fiasco hist\u00f3rico. <strong>Seremos, pues, m\u00e1s verdes que nadie, pero con un futuro negro. Al menos, en cuanto al sector industrial se refiere.<\/strong><\/p>\n<p><a href=\"https:\/\/static-blogs.elcomercio.es\/wp-content\/uploads\/sites\/4\/2020\/01\/52174824-624x435.jpg\"><img loading=\"lazy\" class=\"size-medium wp-image-5221 alignleft\" src=\"https:\/\/static-blogs.elcomercio.es\/wp-content\/uploads\/sites\/4\/2020\/01\/52174824-624x435-300x209.jpg\" alt=\"\" width=\"300\" height=\"209\" srcset=\"https:\/\/static-blogs.elcomercio.es\/wp-content\/uploads\/sites\/4\/2020\/01\/52174824-624x435-300x209.jpg 300w, https:\/\/static-blogs.elcomercio.es\/wp-content\/uploads\/sites\/4\/2020\/01\/52174824-624x435.jpg 624w\" sizes=\"(max-width: 300px) 100vw, 300px\" \/><\/a>En Asturias (y Espa\u00f1a) empezamos a ver los efectos de ser los primeros de la clase. <strong>Esto es, los que quieren forzar el ritmo de la descarbonizaci\u00f3n que otros pa\u00edses de nuestro entorno, sin duda, se toman de manera m\u00e1s relajada.<\/strong> Acabamos de saber que esa lluvia de millones -ese man\u00e1 verde que compensar\u00eda todo lo que vamos a perder- no va a ser ni mucho menos para tanto. El llamado Fondo de Transici\u00f3n Justa pretende movilizar 7.500 millones de los cuales nuestro pa\u00eds recibir\u00eda s\u00f3lo 307, en una primera aproximaci\u00f3n. Eso a repartir entre las regiones afectadas por el cierre de las minas y centrales t\u00e9rmicas (Asturias, Arag\u00f3n o Castilla y Le\u00f3n).<strong> Palo que nos da Europa por ser m\u00e1s listos que nadie<\/strong>. Es decir, por haber cerrado la miner\u00eda cuando se nos dijo y luego las centrales de carb\u00f3n antes de tiempo. <strong>O sea, nos dedicamos a desmontar el sector sin alternativas y despu\u00e9s, a las explotaciones que sobrevivan, les quitamos los clientes por el cierre de las t\u00e9rmicas.<\/strong> Sin embargo, en Polonia donde no han movido un dedo -ni tienen mucha intenci\u00f3n de hacerlo, por cierto- les sueltan 2.000 millones de sopet\u00f3n. <strong>A esto le llamo yo hacer de tontos clim\u00e1ticos. Dicho de otra manera: en Uni\u00f3n Europea no valoran a quienes pretenden \u00ab<em>ser m\u00e1s papistas que el Papa<\/em>\u00bb.<\/strong><\/p>\n<p>Es preocupante la situaci\u00f3n de la industria asturiana. A fin de cuentas, lo \u00fanico que nos hace diferentes y permite tener cierta ventaja competitiva con el resto de Espa\u00f1a. <strong>El maltrato sistem\u00e1tico que este Gobierno, en especial la todopoderosa ministra <em>Rivera<\/em>, est\u00e1 ejerciendo tendr\u00e1 consecuencias.<\/strong> De este proceso, ni mucho menos, saldremos indemnes. <strong>Tendremos m\u00e1s jubilados, menor poblaci\u00f3n activa y mucha menos capacidad industrial.<\/strong> En definitiva, la misma historia de siempre.<\/p>\n<p><em><strong>@balbuenajm<\/strong><\/em><\/p>\n<!-- AddThis Advanced Settings generic via filter on the_content --><!-- AddThis Share Buttons generic via filter on the_content -->","protected":false},"excerpt":{"rendered":"<p>En el Consejo de Ministros del pasado martes se aprob\u00f3 la declaraci\u00f3n de emergencia clim\u00e1tica y ambiental. En palabras de la vicepresidenta y ministra para la Transici\u00f3n Ecol\u00f3gica, Teresa Ribera, permitir\u00e1 \u00abir m\u00e1s deprisa\u00bb en la descarbonizaci\u00f3n y responder a la \u00abdemanda social\u00bb. El objetivo es que en 2050 el sistema de generaci\u00f3n de energ\u00eda [&hellip;]<!-- AddThis Advanced Settings generic via filter on get_the_excerpt --><!-- AddThis Share Buttons generic via filter on get_the_excerpt --><\/p>\n","protected":false},"author":5,"featured_media":0,"comment_status":"open","ping_status":"open","sticky":false,"template":"","format":"standard","meta":[],"categories":[1],"tags":[668,5,603,805,808,428,17,806,568,502,131,716,63,807,466,394],"_links":{"self":[{"href":"https:\/\/blogs.elcomercio.es\/retorcida-realidad\/wp-json\/wp\/v2\/posts\/5219"}],"collection":[{"href":"https:\/\/blogs.elcomercio.es\/retorcida-realidad\/wp-json\/wp\/v2\/posts"}],"about":[{"href":"https:\/\/blogs.elcomercio.es\/retorcida-realidad\/wp-json\/wp\/v2\/types\/post"}],"author":[{"embeddable":true,"href":"https:\/\/blogs.elcomercio.es\/retorcida-realidad\/wp-json\/wp\/v2\/users\/5"}],"replies":[{"embeddable":true,"href":"https:\/\/blogs.elcomercio.es\/retorcida-realidad\/wp-json\/wp\/v2\/comments?post=5219"}],"version-history":[{"count":1,"href":"https:\/\/blogs.elcomercio.es\/retorcida-realidad\/wp-json\/wp\/v2\/posts\/5219\/revisions"}],"predecessor-version":[{"id":5222,"href":"https:\/\/blogs.elcomercio.es\/retorcida-realidad\/wp-json\/wp\/v2\/posts\/5219\/revisions\/5222"}],"wp:attachment":[{"href":"https:\/\/blogs.elcomercio.es\/retorcida-realidad\/wp-json\/wp\/v2\/media?parent=5219"}],"wp:term":[{"taxonomy":"category","embeddable":true,"href":"https:\/\/blogs.elcomercio.es\/retorcida-realidad\/wp-json\/wp\/v2\/categories?post=5219"},{"taxonomy":"post_tag","embeddable":true,"href":"https:\/\/blogs.elcomercio.es\/retorcida-realidad\/wp-json\/wp\/v2\/tags?post=5219"}],"curies":[{"name":"wp","href":"https:\/\/api.w.org\/{rel}","templated":true}]}}