{"id":5223,"date":"2020-01-25T09:35:36","date_gmt":"2020-01-25T08:35:36","guid":{"rendered":"https:\/\/blogs.elcomercio.es\/retorcida-realidad\/?p=5223"},"modified":"2020-01-25T11:49:32","modified_gmt":"2020-01-25T10:49:32","slug":"lena-al-coche","status":"publish","type":"post","link":"https:\/\/blogs.elcomercio.es\/retorcida-realidad\/2020\/01\/25\/lena-al-coche\/","title":{"rendered":"Le\u00f1a al coche."},"content":{"rendered":"<p><a href=\"https:\/\/static-blogs.elcomercio.es\/wp-content\/uploads\/sites\/4\/2020\/01\/52224565-624x415.jpg\"><img loading=\"lazy\" class=\"size-medium wp-image-5224 alignleft\" src=\"https:\/\/static-blogs.elcomercio.es\/wp-content\/uploads\/sites\/4\/2020\/01\/52224565-624x415-300x200.jpg\" alt=\"\" width=\"300\" height=\"200\" srcset=\"https:\/\/static-blogs.elcomercio.es\/wp-content\/uploads\/sites\/4\/2020\/01\/52224565-624x415-300x200.jpg 300w, https:\/\/static-blogs.elcomercio.es\/wp-content\/uploads\/sites\/4\/2020\/01\/52224565-624x415.jpg 624w\" sizes=\"(max-width: 300px) 100vw, 300px\" \/><\/a>Seg\u00fan el director general de Movilidad del Principado, Jorge Garc\u00eda L\u00f3pez, el que el 40% de los asturianos cojamos el coche para ir a sitios que est\u00e1n a menos de 10 minutos, es algo que \u00ab<em>no nos podemos permitir<\/em>\u00bb. Eso s\u00ed, no aclara para qu\u00e9 se utiliza el autom\u00f3vil en esos casos. Efectivamente, puede parecer que no ser\u00eda necesario. Ahora bien, si uno est\u00e1 enfermo y va al hospital, est\u00e1 trabajando o tiene una cierta edad la cosa cambia. <strong>Adem\u00e1s, perd\u00f3neme la impertinencia, \u00bfqui\u00e9n no se lo puede permitir? \u00bfAcaso un ciudadano que paga sus impuestos de tr\u00e1fico no tiene todo el derecho del mundo a ir donde quiera?<\/strong> El Plan de Movilidad asturiano lleva tres a\u00f1os redact\u00e1ndose y sigue la misma l\u00ednea de siempre: demonizar al veh\u00edculo privado. <strong>Por lo visto, el eje vertebrador de todas las pol\u00edticas que se van a desarrollar.<\/strong><\/p>\n<p><a href=\"https:\/\/static-blogs.elcomercio.es\/wp-content\/uploads\/sites\/4\/2020\/01\/52262120-624x453.jpg\"><img loading=\"lazy\" class=\"size-medium wp-image-5225 alignleft\" src=\"https:\/\/static-blogs.elcomercio.es\/wp-content\/uploads\/sites\/4\/2020\/01\/52262120-624x453-300x218.jpg\" alt=\"\" width=\"300\" height=\"218\" srcset=\"https:\/\/static-blogs.elcomercio.es\/wp-content\/uploads\/sites\/4\/2020\/01\/52262120-624x453-300x218.jpg 300w, https:\/\/static-blogs.elcomercio.es\/wp-content\/uploads\/sites\/4\/2020\/01\/52262120-624x453.jpg 624w\" sizes=\"(max-width: 300px) 100vw, 300px\" \/><\/a>En Gij\u00f3n estamos mucho m\u00e1s adelantados. Nuestro borrador de ordenanza de movilidad ya est\u00e1 a punto de caramelo. Incluso el gobierno municipal quiere aprobarlo la semana que viene. <strong>Su filosof\u00eda: prohibirlo todo.<\/strong> Si usted quiere aparcar en la zona de estacionamiento regulado el a\u00f1o que viene, tendr\u00e1 que llevar en el parabrisas un distintivo ambiental. Ya saben esa etiqueta clasificada por colores en funci\u00f3n de los gases que emita. <strong>\u00bfPara qu\u00e9? Para que le se\u00f1alen con el dedo.<\/strong> Su veh\u00edculo es contaminante y en un futuro muy pr\u00f3ximo (2025), ni se le ocurra pisar esta ciudad. Cosa que va a suceder en cuanto se cree el \u00e1rea de bajas emisiones -llam\u00e9moslo \u00ab<em>Gij\u00f3n central<\/em>\u00bb- a pesar de que el tr\u00e1fico pesado seguir\u00e1 cruzando La Calzada al no tener el vial de Jove construido. Si va a pasar cerca de lo que se denomina \u00ab<em>entornos singulares<\/em>\u00bb (centros sanitarios, sociales deportivos, culturales, etc\u00e9tera), tendr\u00e1 un sinf\u00edn de restricciones. Vamos, que evitar\u00e1 acercarse. Lo mismo que en \u00ab<em>zonas hist\u00f3ricas residenciales o sensibles\u00bb<\/em> y las que se\u00f1ale el Ayuntamiento a discreci\u00f3n. <strong>En definitiva, que la idea es que su coche est\u00e9 en el garaje el mayor tiempo posible. En cambio, si usted tiene una bicicleta puede incluso circular en sentido contrario en las calles de un solo carril.<\/strong> Eso s\u00ed, tendr\u00e1 que dar preferencia a los autom\u00f3viles. F\u00edjense que amables.<\/p>\n<p><a href=\"https:\/\/static-blogs.elcomercio.es\/wp-content\/uploads\/sites\/4\/2020\/01\/52163625-624x466.jpg\"><img loading=\"lazy\" class=\"size-medium wp-image-5227 alignleft\" src=\"https:\/\/static-blogs.elcomercio.es\/wp-content\/uploads\/sites\/4\/2020\/01\/52163625-624x466-300x224.jpg\" alt=\"\" width=\"300\" height=\"224\" srcset=\"https:\/\/static-blogs.elcomercio.es\/wp-content\/uploads\/sites\/4\/2020\/01\/52163625-624x466-300x224.jpg 300w, https:\/\/static-blogs.elcomercio.es\/wp-content\/uploads\/sites\/4\/2020\/01\/52163625-624x466.jpg 624w\" sizes=\"(max-width: 300px) 100vw, 300px\" \/><\/a>Pero lo curioso es que hasta se modifican criterios. Recuerdo perfectamente cuando se suscit\u00f3 en Gij\u00f3n el debate sobre los aparcamientos en altura. <strong>Se rechazaban por considerarlos feos y antiest\u00e9ticos.<\/strong> Fue durante la anterior corporaci\u00f3n socialista y de IU. Sin embargo, en la actualidad parece que molan. El concejal de Medio Ambiente y Movilidad, <em>Aurelio Mart\u00edn<\/em>, plantea montar una estructura met\u00e1lica en el aparcamiento de Peritos. Eso para eliminar los estacionamientos de la acera en esa manzana de Manuel Llaneza. Incluso tambi\u00e9n otra en las inmediaciones del Museo del Ferrocarril. <strong>Lo importante, en resumen, es que el autom\u00f3vil circule cuanto menos mejor.<\/strong><\/p>\n<p><em><strong>@balbuenajm<\/strong><\/em><\/p>\n<!-- AddThis Advanced Settings generic via filter on the_content --><!-- AddThis Share Buttons generic via filter on the_content -->","protected":false},"excerpt":{"rendered":"<p>Seg\u00fan el director general de Movilidad del Principado, Jorge Garc\u00eda L\u00f3pez, el que el 40% de los asturianos cojamos el coche para ir a sitios que est\u00e1n a menos de 10 minutos, es algo que \u00abno nos podemos permitir\u00bb. Eso s\u00ed, no aclara para qu\u00e9 se utiliza el autom\u00f3vil en esos casos. Efectivamente, puede parecer [&hellip;]<!-- AddThis Advanced Settings generic via filter on get_the_excerpt --><!-- AddThis Share Buttons generic via filter on get_the_excerpt --><\/p>\n","protected":false},"author":5,"featured_media":0,"comment_status":"open","ping_status":"open","sticky":false,"template":"","format":"standard","meta":[],"categories":[1],"tags":[810,5,132,312,87,603,257,428,17,809,281,282,397],"_links":{"self":[{"href":"https:\/\/blogs.elcomercio.es\/retorcida-realidad\/wp-json\/wp\/v2\/posts\/5223"}],"collection":[{"href":"https:\/\/blogs.elcomercio.es\/retorcida-realidad\/wp-json\/wp\/v2\/posts"}],"about":[{"href":"https:\/\/blogs.elcomercio.es\/retorcida-realidad\/wp-json\/wp\/v2\/types\/post"}],"author":[{"embeddable":true,"href":"https:\/\/blogs.elcomercio.es\/retorcida-realidad\/wp-json\/wp\/v2\/users\/5"}],"replies":[{"embeddable":true,"href":"https:\/\/blogs.elcomercio.es\/retorcida-realidad\/wp-json\/wp\/v2\/comments?post=5223"}],"version-history":[{"count":3,"href":"https:\/\/blogs.elcomercio.es\/retorcida-realidad\/wp-json\/wp\/v2\/posts\/5223\/revisions"}],"predecessor-version":[{"id":5230,"href":"https:\/\/blogs.elcomercio.es\/retorcida-realidad\/wp-json\/wp\/v2\/posts\/5223\/revisions\/5230"}],"wp:attachment":[{"href":"https:\/\/blogs.elcomercio.es\/retorcida-realidad\/wp-json\/wp\/v2\/media?parent=5223"}],"wp:term":[{"taxonomy":"category","embeddable":true,"href":"https:\/\/blogs.elcomercio.es\/retorcida-realidad\/wp-json\/wp\/v2\/categories?post=5223"},{"taxonomy":"post_tag","embeddable":true,"href":"https:\/\/blogs.elcomercio.es\/retorcida-realidad\/wp-json\/wp\/v2\/tags?post=5223"}],"curies":[{"name":"wp","href":"https:\/\/api.w.org\/{rel}","templated":true}]}}