{"id":5232,"date":"2020-01-28T07:34:30","date_gmt":"2020-01-28T06:34:30","guid":{"rendered":"https:\/\/blogs.elcomercio.es\/retorcida-realidad\/?p=5232"},"modified":"2020-01-28T07:36:37","modified_gmt":"2020-01-28T06:36:37","slug":"la-casa-paquete","status":"publish","type":"post","link":"https:\/\/blogs.elcomercio.es\/retorcida-realidad\/2020\/01\/28\/la-casa-paquete\/","title":{"rendered":"La \u00abcasa paquete\u00bb."},"content":{"rendered":"<p><a href=\"https:\/\/static-blogs.elcomercio.es\/wp-content\/uploads\/sites\/4\/2020\/01\/50595157-648x400.jpg\"><img loading=\"lazy\" class=\"size-medium wp-image-5234 alignleft\" src=\"https:\/\/static-blogs.elcomercio.es\/wp-content\/uploads\/sites\/4\/2020\/01\/50595157-648x400-300x185.jpg\" alt=\"\" width=\"300\" height=\"185\" srcset=\"https:\/\/static-blogs.elcomercio.es\/wp-content\/uploads\/sites\/4\/2020\/01\/50595157-648x400-300x185.jpg 300w, https:\/\/static-blogs.elcomercio.es\/wp-content\/uploads\/sites\/4\/2020\/01\/50595157-648x400.jpg 648w\" sizes=\"(max-width: 300px) 100vw, 300px\" \/><\/a>Es curioso lo que est\u00e1 pasando con la Casa Paquet. Ya saben, el inmueble alquilado por el Ayuntamiento para albergue de peregrinos del Camino de Santiago y que ahora no sabe qu\u00e9 hacer con \u00e9l. De hecho, seg\u00fan la opini\u00f3n de los expertos en materia de accesibilidad no puede albergar \u00ab<em>ning\u00fan servicio p\u00fablico<\/em>\u00bb. Fue lo que dijo la presidenta de Cocemfe Asturias, M\u00f3nica Oviedo, en una visita organizada para los grupos municipales el pasado viernes. Entre los motivos para descartar este tipo de uso p\u00fablico se encuentra su ubicaci\u00f3n: situado en la subida a la Colegiata en el barrio de Cimavilla. A la postre, con desniveles que alcanzan, seg\u00fan los representantes de Cocemfe, entre el 7 y el 10%. Traba que llama la atenci\u00f3n por lo siguiente. Otra edificaci\u00f3n noble gijonesa es la antigua F\u00e1brica de Tabacos. Como es de sobra conocido, en obras porque pretende albergar el futuro museo de Gij\u00f3n, entre otras cosas. <strong>Por esa misma regla de tres, el edificio de Tabacalera resultar\u00eda tambi\u00e9n inaccesible porque se encuentra en el coraz\u00f3n mismo del barrio. Es decir, para llegar tambi\u00e9n hay que afrontar numerosas cuestas.<\/strong> No s\u00e9, \u00bfnos gastamos millones de euros en su restauraci\u00f3n y luego decimos que presenta barreras para su acceso?<\/p>\n<p><a href=\"https:\/\/static-blogs.elcomercio.es\/wp-content\/uploads\/sites\/4\/2020\/01\/50768540-624x415.jpg\"><img loading=\"lazy\" class=\"size-medium wp-image-5235 alignleft\" src=\"https:\/\/static-blogs.elcomercio.es\/wp-content\/uploads\/sites\/4\/2020\/01\/50768540-624x415-300x200.jpg\" alt=\"\" width=\"300\" height=\"200\" srcset=\"https:\/\/static-blogs.elcomercio.es\/wp-content\/uploads\/sites\/4\/2020\/01\/50768540-624x415-300x200.jpg 300w, https:\/\/static-blogs.elcomercio.es\/wp-content\/uploads\/sites\/4\/2020\/01\/50768540-624x415.jpg 624w\" sizes=\"(max-width: 300px) 100vw, 300px\" \/><\/a>Es mas o menos lo que sucede con la Casa Paquet. El Ayuntamiento -con el anterior equipo de gobierno- tom\u00f3 el acuerdo de hacer trabajos de adecuaci\u00f3n (620.000 euros se invirtieron), as\u00ed como afrontar un alquiler durante 25 a\u00f1os (18.000 euros anuales). Todo estaba preparado para que fuese el albergue de peregrinos que necesita nuestra ciudad. <strong>Sin embargo, ahora se cambia de criterio justific\u00e1ndolo en base a esa presencia de barreras arquitect\u00f3nicas.<\/strong> L\u00f3gicamente, imposible de cumplir al cien por cien con las leyes de accesibilidad actuales en un inmueble que data de principios del siglo pasado (1918). En fin, yo lo que me pregunto si un peregrino cualquiera no prefiere pernoctar en una construcci\u00f3n hist\u00f3rica, a cambio de perder esos grados de accesibilidad.<strong> O dicho de otra forma: \u00bfcu\u00e1ntos edificios singulares de este tipo se ofrecen en el Camino de Santiago? \u00bfCumplen todos con la eliminaci\u00f3n de barreras arquitect\u00f3nicas en el nivel que aqu\u00ed estamos exigiendo?<\/strong><\/p>\n<p><a href=\"https:\/\/static-blogs.elcomercio.es\/wp-content\/uploads\/sites\/4\/2020\/01\/52266579-624x415.jpg\"><img loading=\"lazy\" class=\"size-medium wp-image-5236 alignleft\" src=\"https:\/\/static-blogs.elcomercio.es\/wp-content\/uploads\/sites\/4\/2020\/01\/52266579-624x415-300x200.jpg\" alt=\"\" width=\"300\" height=\"200\" srcset=\"https:\/\/static-blogs.elcomercio.es\/wp-content\/uploads\/sites\/4\/2020\/01\/52266579-624x415-300x200.jpg 300w, https:\/\/static-blogs.elcomercio.es\/wp-content\/uploads\/sites\/4\/2020\/01\/52266579-624x415.jpg 624w\" sizes=\"(max-width: 300px) 100vw, 300px\" \/><\/a>Vamos a acabar teniendo que llamarla la \u00ab<em>casa paquete<\/em>\u00bb, porque igual se convierte en otro proyecto fallido de nuestra ciudad. <strong>Si no se puede utilizar para nada, ni una simple oficina de turismo, entonces, \u00bfqu\u00e9 hacemos? \u00bfpara qu\u00e9 nos gastamos todo ese dinero?<\/strong> Si se va a mantener ese criterio a rajatabla en un futuro con cualquier otro edificio hist\u00f3rico, \u00bfno estamos condenando a nuestro patrimonio a su progresiva desaparici\u00f3n? <strong>De momento, lo que llama la atenci\u00f3n es que, aunque terminadas sus obras y pagando una renta, estemos discutiendo sobre para qu\u00e9 la vamos a utilizar. No deja de ser un desatino.<\/strong><\/p>\n<p><em><strong>@balbuenajm<\/strong><\/em><\/p>\n<!-- AddThis Advanced Settings generic via filter on the_content --><!-- AddThis Share Buttons generic via filter on the_content -->","protected":false},"excerpt":{"rendered":"<p>Es curioso lo que est\u00e1 pasando con la Casa Paquet. Ya saben, el inmueble alquilado por el Ayuntamiento para albergue de peregrinos del Camino de Santiago y que ahora no sabe qu\u00e9 hacer con \u00e9l. De hecho, seg\u00fan la opini\u00f3n de los expertos en materia de accesibilidad no puede albergar \u00abning\u00fan servicio p\u00fablico\u00bb. Fue lo [&hellip;]<!-- AddThis Advanced Settings generic via filter on get_the_excerpt --><!-- AddThis Share Buttons generic via filter on get_the_excerpt --><\/p>\n","protected":false},"author":5,"featured_media":0,"comment_status":"open","ping_status":"open","sticky":false,"template":"","format":"standard","meta":[],"categories":[1],"tags":[5,813,784,17,437,555,66,461,438,812,811,496],"_links":{"self":[{"href":"https:\/\/blogs.elcomercio.es\/retorcida-realidad\/wp-json\/wp\/v2\/posts\/5232"}],"collection":[{"href":"https:\/\/blogs.elcomercio.es\/retorcida-realidad\/wp-json\/wp\/v2\/posts"}],"about":[{"href":"https:\/\/blogs.elcomercio.es\/retorcida-realidad\/wp-json\/wp\/v2\/types\/post"}],"author":[{"embeddable":true,"href":"https:\/\/blogs.elcomercio.es\/retorcida-realidad\/wp-json\/wp\/v2\/users\/5"}],"replies":[{"embeddable":true,"href":"https:\/\/blogs.elcomercio.es\/retorcida-realidad\/wp-json\/wp\/v2\/comments?post=5232"}],"version-history":[{"count":1,"href":"https:\/\/blogs.elcomercio.es\/retorcida-realidad\/wp-json\/wp\/v2\/posts\/5232\/revisions"}],"predecessor-version":[{"id":5237,"href":"https:\/\/blogs.elcomercio.es\/retorcida-realidad\/wp-json\/wp\/v2\/posts\/5232\/revisions\/5237"}],"wp:attachment":[{"href":"https:\/\/blogs.elcomercio.es\/retorcida-realidad\/wp-json\/wp\/v2\/media?parent=5232"}],"wp:term":[{"taxonomy":"category","embeddable":true,"href":"https:\/\/blogs.elcomercio.es\/retorcida-realidad\/wp-json\/wp\/v2\/categories?post=5232"},{"taxonomy":"post_tag","embeddable":true,"href":"https:\/\/blogs.elcomercio.es\/retorcida-realidad\/wp-json\/wp\/v2\/tags?post=5232"}],"curies":[{"name":"wp","href":"https:\/\/api.w.org\/{rel}","templated":true}]}}