{"id":5238,"date":"2020-01-30T07:33:07","date_gmt":"2020-01-30T06:33:07","guid":{"rendered":"https:\/\/blogs.elcomercio.es\/retorcida-realidad\/?p=5238"},"modified":"2020-01-30T07:34:08","modified_gmt":"2020-01-30T06:34:08","slug":"muestrenme-algo","status":"publish","type":"post","link":"https:\/\/blogs.elcomercio.es\/retorcida-realidad\/2020\/01\/30\/muestrenme-algo\/","title":{"rendered":"Mu\u00e9strenme algo."},"content":{"rendered":"<p><strong><a href=\"https:\/\/static-blogs.elcomercio.es\/wp-content\/uploads\/sites\/4\/2020\/01\/principado-kVuB-U901387957187RHG-624x385@El-Comercio.jpg\"><img loading=\"lazy\" class=\"size-medium wp-image-5239 alignleft\" src=\"https:\/\/static-blogs.elcomercio.es\/wp-content\/uploads\/sites\/4\/2020\/01\/principado-kVuB-U901387957187RHG-624x385@El-Comercio-300x185.jpg\" alt=\"\" width=\"300\" height=\"185\" srcset=\"https:\/\/static-blogs.elcomercio.es\/wp-content\/uploads\/sites\/4\/2020\/01\/principado-kVuB-U901387957187RHG-624x385@El-Comercio-300x185.jpg 300w, https:\/\/static-blogs.elcomercio.es\/wp-content\/uploads\/sites\/4\/2020\/01\/principado-kVuB-U901387957187RHG-624x385@El-Comercio.jpg 624w\" sizes=\"(max-width: 300px) 100vw, 300px\" \/><\/a>Asturias est\u00e1 harta de planes.<\/strong> Los hemos tenido de todos los tipos y colores. Para el \u00e1rea central, estrat\u00e9gicos o destinados a sectores espec\u00edficos. <strong>Eso s\u00ed, al final siempre acaban igual: nunca se cumplen.<\/strong> El pasado martes sumamos uno m\u00e1s. El plan industrial que present\u00f3 en el Parlamento asturiano el consejero del ramo, <em>Enrique Fern\u00e1ndez<\/em>. En el mismo, salpicado de grandes palabras, se remarca que la industria es \u00ab<em>uno de los pilares de nuestra econom\u00eda<\/em>\u00bb. Algo que tampoco es necesario resaltar porque todos somos conscientes de ello. Asimismo, recalc\u00f3 que deber\u00e1 ser \u00ab<em>capaz de impulsar su competitividad, productividad, crecimiento sostenible e innovaci\u00f3n<\/em>\u00bb. <strong>Seguimos igual: con deseos muy bonitos que luego nunca se llevan a la pr\u00e1ctica.<\/strong> En resumen, seguro que este nuevo intento de dinamizaci\u00f3n acabar\u00e1 en un caj\u00f3n -como tantos otros, repito- porque la realidad es bien diferente. <strong>Si me permiten, completamente distinta a la que nuestro consejero de Industria, Empleo y Promoci\u00f3n Econ\u00f3mica nos pinta.<\/strong> Veamos cu\u00e1l.<\/p>\n<p><a href=\"https:\/\/static-blogs.elcomercio.es\/wp-content\/uploads\/sites\/4\/2020\/01\/52218427-648x400.jpg\"><img loading=\"lazy\" class=\"size-medium wp-image-5240 alignleft\" src=\"https:\/\/static-blogs.elcomercio.es\/wp-content\/uploads\/sites\/4\/2020\/01\/52218427-648x400-300x185.jpg\" alt=\"\" width=\"300\" height=\"185\" srcset=\"https:\/\/static-blogs.elcomercio.es\/wp-content\/uploads\/sites\/4\/2020\/01\/52218427-648x400-300x185.jpg 300w, https:\/\/static-blogs.elcomercio.es\/wp-content\/uploads\/sites\/4\/2020\/01\/52218427-648x400.jpg 648w\" sizes=\"(max-width: 300px) 100vw, 300px\" \/><\/a>En estas mismas p\u00e1ginas, pod\u00edan leer hace poco que nuestro para\u00edso ha perdido la mitad de su empleo industrial en medio siglo de reconversiones. Es decir, no hemos ido a m\u00e1s en cuanto a lo que se refiere al sector, sino a mucho menos. Sin ir m\u00e1s lejos, esta especie de nueva reconversi\u00f3n ecol\u00f3gica que estamos viviendo nos est\u00e1 pasando factura. Seg\u00fan los \u00faltimos datos del paro ofrecidos este mismo mes de enero, subi\u00f3 por el retroceso del sector industrial. <strong>O sea, pierde peso a raudales y eso se nota en su contribuci\u00f3n al PIB. Actualmente est\u00e1 alrededor del 18%, cuando siempre est\u00e1bamos por encima del 20%.<\/strong> Desde el Gobierno asturiano, nos prometen ser beligerantes con el Ejecutivo central y Bruselas. Falta hace porque ah\u00ed est\u00e1 el meollo del asunto. De poco valen lo que dise\u00f1emos aqu\u00ed, mientras la todopoderosa ministra de Transici\u00f3n Ecol\u00f3gica, <em>Teresa Ribera,<\/em> se empe\u00f1e en darnos bofetadas cada vez que tiene ocasi\u00f3n. Lo hace al eliminar en la pr\u00e1ctica el sistema de ininterrumpibilidad para los grandes consumidores de energ\u00eda, no aprobar el Estatuto Electrointensivo, o recortar las emisiones de CO2. <strong>En definitiva, poner palos a las ruedas.<\/strong> Ya me dir\u00e1n -en esa oficina que se quiere crear este plan para captar inversiones- lo que le podemos decir a las empresas. Vengan que van a pagar la luz m\u00e1s cara de Europa y encima le vamos a penalizar a\u00fan m\u00e1s sus emisiones. Estupendo.<\/p>\n<p>Nuestro presidente, <em>Adri\u00e1n Barb\u00f3n<\/em>, es un optimista declarado. Incluso el consejero<em> Fern\u00e1ndez<\/em> en esa misma l\u00ednea, dijo que era necesario \u00ab<em>acabar con los mensajes alarmista<\/em>s\u00bb.<strong> Bien, mu\u00e9strenme algo. Qu\u00edtenos a los asturianos esa capa de escepticismo que tenemos encima. Transm\u00edtanos la impresi\u00f3n de que las cosas se ponen en marcha. De que hay hechos y no s\u00f3lo palabras.<\/strong> S\u00f3lo con eso, f\u00edjense, ya empezaremos a ver la luz al final del t\u00fanel.<\/p>\n<p><em><strong>@balbuenajm<\/strong><\/em><\/p>\n<!-- AddThis Advanced Settings generic via filter on the_content --><!-- AddThis Share Buttons generic via filter on the_content -->","protected":false},"excerpt":{"rendered":"<p>Asturias est\u00e1 harta de planes. Los hemos tenido de todos los tipos y colores. Para el \u00e1rea central, estrat\u00e9gicos o destinados a sectores espec\u00edficos. Eso s\u00ed, al final siempre acaban igual: nunca se cumplen. El pasado martes sumamos uno m\u00e1s. El plan industrial que present\u00f3 en el Parlamento asturiano el consejero del ramo, Enrique Fern\u00e1ndez. [&hellip;]<!-- AddThis Advanced Settings generic via filter on get_the_excerpt --><!-- AddThis Share Buttons generic via filter on get_the_excerpt --><\/p>\n","protected":false},"author":5,"featured_media":0,"comment_status":"open","ping_status":"open","sticky":false,"template":"","format":"standard","meta":[],"categories":[1],"tags":[140,658,5,814,428,655,656,281,63,66,438,519,496],"_links":{"self":[{"href":"https:\/\/blogs.elcomercio.es\/retorcida-realidad\/wp-json\/wp\/v2\/posts\/5238"}],"collection":[{"href":"https:\/\/blogs.elcomercio.es\/retorcida-realidad\/wp-json\/wp\/v2\/posts"}],"about":[{"href":"https:\/\/blogs.elcomercio.es\/retorcida-realidad\/wp-json\/wp\/v2\/types\/post"}],"author":[{"embeddable":true,"href":"https:\/\/blogs.elcomercio.es\/retorcida-realidad\/wp-json\/wp\/v2\/users\/5"}],"replies":[{"embeddable":true,"href":"https:\/\/blogs.elcomercio.es\/retorcida-realidad\/wp-json\/wp\/v2\/comments?post=5238"}],"version-history":[{"count":1,"href":"https:\/\/blogs.elcomercio.es\/retorcida-realidad\/wp-json\/wp\/v2\/posts\/5238\/revisions"}],"predecessor-version":[{"id":5241,"href":"https:\/\/blogs.elcomercio.es\/retorcida-realidad\/wp-json\/wp\/v2\/posts\/5238\/revisions\/5241"}],"wp:attachment":[{"href":"https:\/\/blogs.elcomercio.es\/retorcida-realidad\/wp-json\/wp\/v2\/media?parent=5238"}],"wp:term":[{"taxonomy":"category","embeddable":true,"href":"https:\/\/blogs.elcomercio.es\/retorcida-realidad\/wp-json\/wp\/v2\/categories?post=5238"},{"taxonomy":"post_tag","embeddable":true,"href":"https:\/\/blogs.elcomercio.es\/retorcida-realidad\/wp-json\/wp\/v2\/tags?post=5238"}],"curies":[{"name":"wp","href":"https:\/\/api.w.org\/{rel}","templated":true}]}}