{"id":5247,"date":"2020-02-04T06:35:14","date_gmt":"2020-02-04T05:35:14","guid":{"rendered":"https:\/\/blogs.elcomercio.es\/retorcida-realidad\/?p=5247"},"modified":"2020-02-04T06:35:27","modified_gmt":"2020-02-04T05:35:27","slug":"la-cultura-de-la-queja","status":"publish","type":"post","link":"https:\/\/blogs.elcomercio.es\/retorcida-realidad\/2020\/02\/04\/la-cultura-de-la-queja\/","title":{"rendered":"La cultura de la queja."},"content":{"rendered":"<p><a href=\"https:\/\/static-blogs.elcomercio.es\/wp-content\/uploads\/sites\/4\/2020\/02\/52516502-624x412.jpg\"><img loading=\"lazy\" class=\"size-medium wp-image-5248 alignleft\" src=\"https:\/\/static-blogs.elcomercio.es\/wp-content\/uploads\/sites\/4\/2020\/02\/52516502-624x412-300x198.jpg\" alt=\"\" width=\"300\" height=\"198\" srcset=\"https:\/\/static-blogs.elcomercio.es\/wp-content\/uploads\/sites\/4\/2020\/02\/52516502-624x412-300x198.jpg 300w, https:\/\/static-blogs.elcomercio.es\/wp-content\/uploads\/sites\/4\/2020\/02\/52516502-624x412.jpg 624w\" sizes=\"(max-width: 300px) 100vw, 300px\" \/><\/a>Voy a explicarles lo que yo llamo la cultura de la queja. <strong>Esto es, la tendencia que tenemos a protestar por todo.<\/strong> Sea el mal estado de una calle, unas obras en marcha o cualquier otra cosa de la vida cotidiana. <strong>En definitiva, que nos creemos poseedores de derechos inalienables, ahora bien, nos cuesta horrores aceptar cualquier tipo de obligaci\u00f3n.<\/strong> Buena prueba ello son los 1.390 escritos que recibi\u00f3 el a\u00f1o pasado el servicio municipal de Relaciones Ciudadanas. Esa especie de pa\u00f1o de l\u00e1grimas donde vamos dejando nuestras opiniones, normalmente negativas. De los mismos, s\u00f3lo 21son agradecimientos y felicitaciones. El resto se dividen entre las sugerencias (bienvenidas sean) y las cr\u00edticas m\u00e1s feroces (se dispara contra lo m\u00e1s insospechado). <strong>A esta sociedad nuestra, insisto, le molesta casi todo.<\/strong> Desde las mascotas que est\u00e1n corriendo por los parques, pasando por los camiones de basura que hacen su trabajo diario o cualquier fiesta que se monte. Especial menci\u00f3n merecen las protestas que afectan a los ruidos. Vean si no.<\/p>\n<p><a href=\"https:\/\/static-blogs.elcomercio.es\/wp-content\/uploads\/sites\/4\/2020\/02\/concierto-U402445954e0G-228x141@El-Comercio-ElComercio.jpg\"><img loading=\"lazy\" class=\"wp-image-5249 alignleft\" src=\"https:\/\/static-blogs.elcomercio.es\/wp-content\/uploads\/sites\/4\/2020\/02\/concierto-U402445954e0G-228x141@El-Comercio-ElComercio.jpg\" alt=\"\" width=\"306\" height=\"189\" \/><\/a>La gente se queja por el sonido que hacen los veh\u00edculos que recogen los contenedores de vidrio. Seguro que si no se llevase a cabo esa recogida ser\u00edan los primeros en denunciarlo. O las desbrozadoras que trabajan \u00ab<em>a las ocho de la ma\u00f1ana<\/em>\u00bb. Por lo visto, una hora sagrada para seguir en la cama. Tambi\u00e9n el de los autobuses de l\u00ednea a su paso por determinadas calles. Nota: los mismos pondr\u00edan el grito en el cielo si no tuviesen el servicio delante de la puerta de su casa. Incluso por el tintineo que hacen las tapas de alcantarilla cuando los coches pasan por encima.<strong> En fin, algo que es consustancial a una vida urbana. \u00bfO es que queremos vivir como en el campo, pero con las comodidades de una ciudad?<\/strong> Aunque lo mejor viene cuando hablamos de fiestas. O sea, de cualquier tipo de evento al aire libre -normalmente conciertos y en verano- que son objeto de los dardos vecinales. En uno que se celebr\u00f3 el a\u00f1o pasado, un ciudadano explic\u00f3 lo que parece ser un milagro. \u00ab<em>Tras doce horas de \u201cchunda chunda<\/em>\u201d\u00bb, dice en su escrito, \u00ab<em>mi perro, que es mudo, empez\u00f3 a aullar<\/em>\u00bb. <strong>Ya ven, no hay por qu\u00e9 ir a Covadonga a pedirle nada a La Santina. En una c\u00e1lida noche de verano gijonesa cualquiera, puede suceder un prodigio sin igual.<\/strong><\/p>\n<p>Incluso nos metemos con el trabajo de los dem\u00e1s. <strong>Es decir, estamos pendientes de lo que hacen o no los operarios municipales, para luego, cual chivatos, cont\u00e1rselo al Ayuntamiento.<\/strong> Es el caso de un escrito donde un vecino dice \u00ab<em>un operario de Emulsa estaba realizando labores de limpieza de las calles con la manguera y a la vez haciendo sus necesidades en plena calle<\/em>\u00bb. Para luego a\u00f1adir, \u00ab<em>con una mano sujetando la manguera y con la otra, sus partes<\/em>\u00bb. \u00a1F\u00edjense qu\u00e9 descripci\u00f3n m\u00e1s detallada! \u00a1Qu\u00e9 maravilla de ciudadan\u00eda pendiente de lo m\u00e1s m\u00ednimo!<\/p>\n<p><em><strong>@balbuenajm<\/strong><\/em><\/p>\n<!-- AddThis Advanced Settings generic via filter on the_content --><!-- AddThis Share Buttons generic via filter on the_content -->","protected":false},"excerpt":{"rendered":"<p>Voy a explicarles lo que yo llamo la cultura de la queja. Esto es, la tendencia que tenemos a protestar por todo. Sea el mal estado de una calle, unas obras en marcha o cualquier otra cosa de la vida cotidiana. En definitiva, que nos creemos poseedores de derechos inalienables, ahora bien, nos cuesta horrores [&hellip;]<!-- AddThis Advanced Settings generic via filter on get_the_excerpt --><!-- AddThis Share Buttons generic via filter on get_the_excerpt --><\/p>\n","protected":false},"author":5,"featured_media":0,"comment_status":"open","ping_status":"open","sticky":false,"template":"","format":"standard","meta":[],"categories":[1],"tags":[312,799,189,17,43,451],"_links":{"self":[{"href":"https:\/\/blogs.elcomercio.es\/retorcida-realidad\/wp-json\/wp\/v2\/posts\/5247"}],"collection":[{"href":"https:\/\/blogs.elcomercio.es\/retorcida-realidad\/wp-json\/wp\/v2\/posts"}],"about":[{"href":"https:\/\/blogs.elcomercio.es\/retorcida-realidad\/wp-json\/wp\/v2\/types\/post"}],"author":[{"embeddable":true,"href":"https:\/\/blogs.elcomercio.es\/retorcida-realidad\/wp-json\/wp\/v2\/users\/5"}],"replies":[{"embeddable":true,"href":"https:\/\/blogs.elcomercio.es\/retorcida-realidad\/wp-json\/wp\/v2\/comments?post=5247"}],"version-history":[{"count":1,"href":"https:\/\/blogs.elcomercio.es\/retorcida-realidad\/wp-json\/wp\/v2\/posts\/5247\/revisions"}],"predecessor-version":[{"id":5250,"href":"https:\/\/blogs.elcomercio.es\/retorcida-realidad\/wp-json\/wp\/v2\/posts\/5247\/revisions\/5250"}],"wp:attachment":[{"href":"https:\/\/blogs.elcomercio.es\/retorcida-realidad\/wp-json\/wp\/v2\/media?parent=5247"}],"wp:term":[{"taxonomy":"category","embeddable":true,"href":"https:\/\/blogs.elcomercio.es\/retorcida-realidad\/wp-json\/wp\/v2\/categories?post=5247"},{"taxonomy":"post_tag","embeddable":true,"href":"https:\/\/blogs.elcomercio.es\/retorcida-realidad\/wp-json\/wp\/v2\/tags?post=5247"}],"curies":[{"name":"wp","href":"https:\/\/api.w.org\/{rel}","templated":true}]}}