{"id":5252,"date":"2020-02-06T06:42:17","date_gmt":"2020-02-06T05:42:17","guid":{"rendered":"https:\/\/blogs.elcomercio.es\/retorcida-realidad\/?p=5252"},"modified":"2020-02-06T06:43:55","modified_gmt":"2020-02-06T05:43:55","slug":"nada-que-agradecer","status":"publish","type":"post","link":"https:\/\/blogs.elcomercio.es\/retorcida-realidad\/2020\/02\/06\/nada-que-agradecer\/","title":{"rendered":"Nada que agradecer."},"content":{"rendered":"<p><strong><a href=\"https:\/\/static-blogs.elcomercio.es\/wp-content\/uploads\/sites\/4\/2020\/02\/obras-pajares-k0FD-624x385@El-Comercio.jpg\"><img loading=\"lazy\" class=\"size-medium wp-image-5253 alignleft\" src=\"https:\/\/static-blogs.elcomercio.es\/wp-content\/uploads\/sites\/4\/2020\/02\/obras-pajares-k0FD-624x385@El-Comercio-300x186.jpg\" alt=\"\" width=\"300\" height=\"186\" srcset=\"https:\/\/static-blogs.elcomercio.es\/wp-content\/uploads\/sites\/4\/2020\/02\/obras-pajares-k0FD-624x385@El-Comercio-300x186.jpg 300w, https:\/\/static-blogs.elcomercio.es\/wp-content\/uploads\/sites\/4\/2020\/02\/obras-pajares-k0FD-624x385@El-Comercio.jpg 622w\" sizes=\"(max-width: 300px) 100vw, 300px\" \/><\/a>La fecha de la llegada del AVE a Asturias es todo un misterio. Nadie se atreve a pronosticarla.<\/strong> Buena prueba de ello fue lo que pas\u00f3 el martes en el pleno de la Junta General del Principado. Se abordaba la calamitosa situaci\u00f3n del ferrocarril en nuestro para\u00edso natural, cuando el consejero de Infraestructuras, Juan Cofi\u00f1o, explic\u00f3 que las obras acabar\u00e1n en 2021. Ahora bien, posteriormente se entra en un periodo de pruebas incierto. <strong>Es decir, una especie de agujero negro, al igual que los espaciales, donde el tiempo se ralentiza.<\/strong> Como ejemplo, dice que en Granada este periodo dur\u00f3 trece meses. Con lo cual, nos ponemos en 2023. F\u00edjense que ni siquiera est\u00e1 claro cuando se entregar\u00e1n los nuevos trenes Avril que realizar\u00e1n el trayecto. Seg\u00fan el contrato, a finales del a\u00f1o que viene deber\u00edan estar operativos, pero el consejero ya se pone la venda al advertir que \u00ab<em>Son unos trenes muy sofisticados<\/em>\u00bb. <strong>A la postre, que igual tenemos variante de Pajares acabada y no m\u00e1quinas o viceversa.<\/strong><\/p>\n<p><strong><a href=\"https:\/\/static-blogs.elcomercio.es\/wp-content\/uploads\/sites\/4\/2020\/02\/alvia-lena-kPRH-U901168518814at-624x385@El-Comercio.jpg\"><img loading=\"lazy\" class=\"size-medium wp-image-5254 alignleft\" src=\"https:\/\/static-blogs.elcomercio.es\/wp-content\/uploads\/sites\/4\/2020\/02\/alvia-lena-kPRH-U901168518814at-624x385@El-Comercio-300x185.jpg\" alt=\"\" width=\"300\" height=\"185\" srcset=\"https:\/\/static-blogs.elcomercio.es\/wp-content\/uploads\/sites\/4\/2020\/02\/alvia-lena-kPRH-U901168518814at-624x385@El-Comercio-300x185.jpg 300w, https:\/\/static-blogs.elcomercio.es\/wp-content\/uploads\/sites\/4\/2020\/02\/alvia-lena-kPRH-U901168518814at-624x385@El-Comercio.jpg 624w\" sizes=\"(max-width: 300px) 100vw, 300px\" \/><\/a>Aunque lo m\u00e1s molesto es ese discurso que trata de borrar un agravio: el de una comunidad que lleva esperando 16 a\u00f1os por la alta velocidad.<\/strong> El pasado s\u00e1bado hizo ese tiempo desde que se puso la primera dovela (2024), mientras que en Espa\u00f1a llevan 28 a\u00f1os (1992) disfrutando del ferrocarril del siglo XXI. Sin embargo, aqu\u00ed seguimos acumulando retrasos por una mala gesti\u00f3n y la falta de recursos. Cuando era ministro de Fomento,<em> Francisco \u00c1lvarez-Cascos<\/em>, dijo que se acabar\u00eda en 2010. <em>Jos\u00e9 Luis Rodr\u00edguez Zapatero<\/em> fue m\u00e1s osado y aventur\u00f3 que estar\u00eda en 2009. Posteriormente, con <em>Jos\u00e9 Blanco<\/em> al frente del ministerio, asegur\u00f3 que \u00ab<em>ser\u00eda a finales de 2012<\/em>\u00bb. <em>Mariano Rajoy<\/em> lo llev\u00f3 al 2014. Y, finalmente, el ministro <em>I\u00f1igo de la Serna<\/em>, mantuvo que finalizar\u00eda en 2020. Fecha que hab\u00eda confirmado el actual titular, <em>Jos\u00e9 Luis \u00c1balos<\/em>. E<strong>l consejero Cofi\u00f1o nos dice, despu\u00e9s de este reguero de incumplimientos, que deber\u00edamos estar contentos. Vamos a ser, seg\u00fan \u00e9l, \u00ab<em>la comunidad m\u00e1s peque\u00f1a de Europa a la que llegue un servicio de estas caracter\u00edsticas<\/em>\u00bb.<\/strong> No s\u00e9, quiz\u00e1 olvida que en Cantabria el televisivo Miguel \u00c1ngel Revilla, firma pactos con el Gobierno para acelerar la llegada del AVE v\u00eda Palencia. <strong>En fin, igual tenemos incluso que estar agradecidos de que nos hayan dado de lado durante casi dos d\u00e9cadas.<\/strong><\/p>\n<p>Supongo que el <em>Papa Francisco<\/em> lo sabr\u00e1. Me refiero a la fecha final de puesta en marcha de la alta velocidad asturiana.<strong> En un caj\u00f3n del Vaticano, junto con los secretos de F\u00e1tima, estar\u00e1 tambi\u00e9n el misterio del AVE en Asturias.<\/strong> Una obra que sobrepasar\u00e1 los 3.700 millones de euros de inversi\u00f3n y se acercar\u00e1 a los 20 a\u00f1os cuando se concluya. \u00bfSomos culpables los asturianos de este desatino? Yo creo que no. <strong>M\u00e1s bien, entiendo que hemos sido muy pacientes por la cantidad de mentiras que hemos tenido que soportar.<\/strong><\/p>\n<p><em><strong>@balbuenajm<\/strong><\/em><\/p>\n<!-- AddThis Advanced Settings generic via filter on the_content --><!-- AddThis Share Buttons generic via filter on the_content -->","protected":false},"excerpt":{"rendered":"<p>La fecha de la llegada del AVE a Asturias es todo un misterio. Nadie se atreve a pronosticarla. Buena prueba de ello fue lo que pas\u00f3 el martes en el pleno de la Junta General del Principado. Se abordaba la calamitosa situaci\u00f3n del ferrocarril en nuestro para\u00edso natural, cuando el consejero de Infraestructuras, Juan Cofi\u00f1o, [&hellip;]<!-- AddThis Advanced Settings generic via filter on get_the_excerpt --><!-- AddThis Share Buttons generic via filter on get_the_excerpt --><\/p>\n","protected":false},"author":5,"featured_media":0,"comment_status":"open","ping_status":"open","sticky":false,"template":"","format":"standard","meta":[],"categories":[1],"tags":[5,30,689,428,17,437,723,448,502,601,450],"_links":{"self":[{"href":"https:\/\/blogs.elcomercio.es\/retorcida-realidad\/wp-json\/wp\/v2\/posts\/5252"}],"collection":[{"href":"https:\/\/blogs.elcomercio.es\/retorcida-realidad\/wp-json\/wp\/v2\/posts"}],"about":[{"href":"https:\/\/blogs.elcomercio.es\/retorcida-realidad\/wp-json\/wp\/v2\/types\/post"}],"author":[{"embeddable":true,"href":"https:\/\/blogs.elcomercio.es\/retorcida-realidad\/wp-json\/wp\/v2\/users\/5"}],"replies":[{"embeddable":true,"href":"https:\/\/blogs.elcomercio.es\/retorcida-realidad\/wp-json\/wp\/v2\/comments?post=5252"}],"version-history":[{"count":1,"href":"https:\/\/blogs.elcomercio.es\/retorcida-realidad\/wp-json\/wp\/v2\/posts\/5252\/revisions"}],"predecessor-version":[{"id":5255,"href":"https:\/\/blogs.elcomercio.es\/retorcida-realidad\/wp-json\/wp\/v2\/posts\/5252\/revisions\/5255"}],"wp:attachment":[{"href":"https:\/\/blogs.elcomercio.es\/retorcida-realidad\/wp-json\/wp\/v2\/media?parent=5252"}],"wp:term":[{"taxonomy":"category","embeddable":true,"href":"https:\/\/blogs.elcomercio.es\/retorcida-realidad\/wp-json\/wp\/v2\/categories?post=5252"},{"taxonomy":"post_tag","embeddable":true,"href":"https:\/\/blogs.elcomercio.es\/retorcida-realidad\/wp-json\/wp\/v2\/tags?post=5252"}],"curies":[{"name":"wp","href":"https:\/\/api.w.org\/{rel}","templated":true}]}}