{"id":5256,"date":"2020-02-08T09:09:51","date_gmt":"2020-02-08T08:09:51","guid":{"rendered":"https:\/\/blogs.elcomercio.es\/retorcida-realidad\/?p=5256"},"modified":"2020-02-08T09:12:53","modified_gmt":"2020-02-08T08:12:53","slug":"sin-ideologias","status":"publish","type":"post","link":"https:\/\/blogs.elcomercio.es\/retorcida-realidad\/2020\/02\/08\/sin-ideologias\/","title":{"rendered":"Sin ideolog\u00edas."},"content":{"rendered":"<p><a href=\"https:\/\/static-blogs.elcomercio.es\/wp-content\/uploads\/sites\/4\/2020\/02\/ayuntamiento-gijon-kjFC-624x385@El-Comercio.jpg\"><img loading=\"lazy\" class=\"size-medium wp-image-5257 alignleft\" src=\"https:\/\/static-blogs.elcomercio.es\/wp-content\/uploads\/sites\/4\/2020\/02\/ayuntamiento-gijon-kjFC-624x385@El-Comercio-300x185.jpg\" alt=\"\" width=\"300\" height=\"185\" srcset=\"https:\/\/static-blogs.elcomercio.es\/wp-content\/uploads\/sites\/4\/2020\/02\/ayuntamiento-gijon-kjFC-624x385@El-Comercio-300x185.jpg 300w, https:\/\/static-blogs.elcomercio.es\/wp-content\/uploads\/sites\/4\/2020\/02\/ayuntamiento-gijon-kjFC-624x385@El-Comercio.jpg 624w\" sizes=\"(max-width: 300px) 100vw, 300px\" \/><\/a>Cualquier reconocimiento que venga desde nuestro Ayuntamiento deber\u00eda ser as\u00e9ptico.<strong> Es decir, sin ning\u00fan tipo de ideolog\u00eda de fondo.<\/strong> Deber\u00eda verse en los premiados sus logros o trayectorias con indiferencia hacia las ideas pol\u00edticas. S\u00ed, ya s\u00e9 que esto, en un Consistorio tan fragmentado y dividido como el que estamos teniendo en las \u00faltimas legislaturas, es una quimera. Siempre, para bien o mal, el que sea de un lado o del otro influye sobremanera. Es lo que est\u00e1 pasando con la concesi\u00f3n de honores y distinciones en nuestro Gij\u00f3n del alma. <strong>Un mecanismo de reparto que se ha quedado obsoleto y hasta cierto punto con efectos perversos.<\/strong> Vean si no lo que sucedi\u00f3 en las \u00faltimas distinciones y que desde el equipo de gobierno -con acierto, entiendo- quieren cambiar.<\/p>\n<p><a href=\"https:\/\/static-blogs.elcomercio.es\/wp-content\/uploads\/sites\/4\/2020\/02\/43044397-kfYG-984x608@El-Comercio.jpg\"><img loading=\"lazy\" class=\"size-medium wp-image-5258 alignleft\" src=\"https:\/\/static-blogs.elcomercio.es\/wp-content\/uploads\/sites\/4\/2020\/02\/43044397-kfYG-984x608@El-Comercio-300x186.jpg\" alt=\"\" width=\"300\" height=\"186\" srcset=\"https:\/\/static-blogs.elcomercio.es\/wp-content\/uploads\/sites\/4\/2020\/02\/43044397-kfYG-984x608@El-Comercio-300x186.jpg 300w, https:\/\/static-blogs.elcomercio.es\/wp-content\/uploads\/sites\/4\/2020\/02\/43044397-kfYG-984x608@El-Comercio-768x475.jpg 768w, https:\/\/static-blogs.elcomercio.es\/wp-content\/uploads\/sites\/4\/2020\/02\/43044397-kfYG-984x608@El-Comercio.jpg 983w\" sizes=\"(max-width: 300px) 100vw, 300px\" \/><\/a>El Reglamento de Organizaci\u00f3n, Funcionamiento y R\u00e9gimen Jur\u00eddico limita a otorgar una medalla de oro y seis de plata. Hasta ahora, hab\u00eda un pacto t\u00e1cito para consensuar la distinci\u00f3n de oro, junto con los t\u00edtulos de Hijo Predilecto y Adoptivo. Sin embargo, las de plata son otorgadas por los respectivos grupos municipales. He aqu\u00ed el problema. <strong>Cada uno arrima el ascua a su sardina en funci\u00f3n de sus intereses partidarios. De hecho, hubo m\u00e1s de un nombramiento pol\u00e9mico y que trajo consigo la bronca.<\/strong> Desde luego, esto es lo que es necesario cambiar. Primero, ya que no puede entrar la pol\u00edtica a saco en un tema que nos incumbe a todos y segundo, porque el n\u00famero de medallas a repartir es insuficiente. Es decir, hay siete partidos para repartir seis galardones. D\u00edganme c\u00f3mo se cuadra esto. Adem\u00e1s, claro, de que tal parece que van a faltar premiados dando m\u00e1s de media docena de reconocimientos anuales. <strong>En definitiva, que con las nuevas tecnolog\u00edas que en la actualidad tenemos, \u00bfpor qu\u00e9 no se abre este proceso a los gijoneses? \u00bfPor qu\u00e9 no se les deja tambi\u00e9n que voten o propongan candidatos?<\/strong> A m\u00ed me resultar\u00eda mucho m\u00e1s participativo y evitar\u00edamos cualquier tipo de contaminaci\u00f3n partidista. Es obvio que la \u00faltima palabra la tendr\u00eda siempre el Pleno municipal, pero escuchando al ciudadano.<\/p>\n<p><a href=\"https:\/\/static-blogs.elcomercio.es\/wp-content\/uploads\/sites\/4\/2020\/02\/gijon-hoguera-san-juan-poniente-k6FB-U805904003178UH-624x385@El-Comercio.jpg\"><img loading=\"lazy\" class=\"size-medium wp-image-5259 alignleft\" src=\"https:\/\/static-blogs.elcomercio.es\/wp-content\/uploads\/sites\/4\/2020\/02\/gijon-hoguera-san-juan-poniente-k6FB-U805904003178UH-624x385@El-Comercio-300x185.jpg\" alt=\"\" width=\"300\" height=\"185\" srcset=\"https:\/\/static-blogs.elcomercio.es\/wp-content\/uploads\/sites\/4\/2020\/02\/gijon-hoguera-san-juan-poniente-k6FB-U805904003178UH-624x385@El-Comercio-300x185.jpg 300w, https:\/\/static-blogs.elcomercio.es\/wp-content\/uploads\/sites\/4\/2020\/02\/gijon-hoguera-san-juan-poniente-k6FB-U805904003178UH-624x385@El-Comercio.jpg 624w\" sizes=\"(max-width: 300px) 100vw, 300px\" \/><\/a>Por su parte, el grupo de Podemos-Equo propone trasladar la fiesta local de San Pedro a San Juan. <strong>\u00bfCu\u00e1l es la vinculaci\u00f3n de la ciudad con esta \u00faltima festividad? Absolutamente ninguna.<\/strong> La gente disfruta de la hoguera a media noche, deja la playa de Poniente llena de basura y se va a casa. \u00bfPor qu\u00e9 la formaci\u00f3n morada quiere este cambio? Porque, seg\u00fan la edil <em>Laura Tuero<\/em>, es m\u00e1s \u00ab<em>transversal<\/em>\u00bb. Esto es, a juicio de Podemos se \u00ab<em>puede vivir desde la \u00f3ptica laica<\/em>\u00bb. <strong>\u00bfQu\u00e9 tienen en contra de San Pedro? Muy f\u00e1cil, sus connotaciones religiosas. Da igual que sea el patr\u00f3n de la ciudad, puesto que la cuesti\u00f3n es quitar del medio cualquier tipo de evento cat\u00f3lico. \u00bfVen a lo que me refer\u00eda cuando hablaba de lo que distorsionan las ideolog\u00edas?<\/strong><\/p>\n<p><em><strong>@balbuenajm<\/strong><\/em><\/p>\n<!-- AddThis Advanced Settings generic via filter on the_content --><!-- AddThis Share Buttons generic via filter on the_content -->","protected":false},"excerpt":{"rendered":"<p>Cualquier reconocimiento que venga desde nuestro Ayuntamiento deber\u00eda ser as\u00e9ptico. Es decir, sin ning\u00fan tipo de ideolog\u00eda de fondo. Deber\u00eda verse en los premiados sus logros o trayectorias con indiferencia hacia las ideas pol\u00edticas. S\u00ed, ya s\u00e9 que esto, en un Consistorio tan fragmentado y dividido como el que estamos teniendo en las \u00faltimas legislaturas, [&hellip;]<!-- AddThis Advanced Settings generic via filter on get_the_excerpt --><!-- AddThis Share Buttons generic via filter on get_the_excerpt --><\/p>\n","protected":false},"author":5,"featured_media":0,"comment_status":"open","ping_status":"open","sticky":false,"template":"","format":"standard","meta":[],"categories":[1],"tags":[470,488,347,232,437,695,815,461,753,438,534,65],"_links":{"self":[{"href":"https:\/\/blogs.elcomercio.es\/retorcida-realidad\/wp-json\/wp\/v2\/posts\/5256"}],"collection":[{"href":"https:\/\/blogs.elcomercio.es\/retorcida-realidad\/wp-json\/wp\/v2\/posts"}],"about":[{"href":"https:\/\/blogs.elcomercio.es\/retorcida-realidad\/wp-json\/wp\/v2\/types\/post"}],"author":[{"embeddable":true,"href":"https:\/\/blogs.elcomercio.es\/retorcida-realidad\/wp-json\/wp\/v2\/users\/5"}],"replies":[{"embeddable":true,"href":"https:\/\/blogs.elcomercio.es\/retorcida-realidad\/wp-json\/wp\/v2\/comments?post=5256"}],"version-history":[{"count":1,"href":"https:\/\/blogs.elcomercio.es\/retorcida-realidad\/wp-json\/wp\/v2\/posts\/5256\/revisions"}],"predecessor-version":[{"id":5260,"href":"https:\/\/blogs.elcomercio.es\/retorcida-realidad\/wp-json\/wp\/v2\/posts\/5256\/revisions\/5260"}],"wp:attachment":[{"href":"https:\/\/blogs.elcomercio.es\/retorcida-realidad\/wp-json\/wp\/v2\/media?parent=5256"}],"wp:term":[{"taxonomy":"category","embeddable":true,"href":"https:\/\/blogs.elcomercio.es\/retorcida-realidad\/wp-json\/wp\/v2\/categories?post=5256"},{"taxonomy":"post_tag","embeddable":true,"href":"https:\/\/blogs.elcomercio.es\/retorcida-realidad\/wp-json\/wp\/v2\/tags?post=5256"}],"curies":[{"name":"wp","href":"https:\/\/api.w.org\/{rel}","templated":true}]}}