{"id":5261,"date":"2020-02-11T06:41:06","date_gmt":"2020-02-11T05:41:06","guid":{"rendered":"https:\/\/blogs.elcomercio.es\/retorcida-realidad\/?p=5261"},"modified":"2020-02-11T06:43:48","modified_gmt":"2020-02-11T05:43:48","slug":"la-cuadratura","status":"publish","type":"post","link":"https:\/\/blogs.elcomercio.es\/retorcida-realidad\/2020\/02\/11\/la-cuadratura\/","title":{"rendered":"La cuadratura."},"content":{"rendered":"<p><a href=\"https:\/\/static-blogs.elcomercio.es\/wp-content\/uploads\/sites\/4\/2020\/02\/pescaderia-exterior.jpg\"><img loading=\"lazy\" class=\" wp-image-5262 alignleft\" src=\"https:\/\/static-blogs.elcomercio.es\/wp-content\/uploads\/sites\/4\/2020\/02\/pescaderia-exterior.jpg\" alt=\"\" width=\"305\" height=\"245\" \/><\/a>A partir de este lunes los m\u00e1s de 3.000 funcionarios municipales y personal laboral volver\u00e1n a tener una jornada de 35 horas semanales. Algo que ya disfrutaban en 2012 y que perdieron debido a la crisis.<strong> Desde luego, es una prebenda clara de la funci\u00f3n p\u00fablica. D\u00edganme qu\u00e9 empresa privada se puede permitir eso o incluso plante\u00e1rselo en un futuro. Yo dir\u00eda que ninguna.<\/strong> De hecho, no me extra\u00f1a que uno de los principales sue\u00f1os de los demandantes de empleo en Gij\u00f3n sea trabajar en el Ayuntamiento. Generosos convenios, pleno reconocimiento de derechos y puesto garantizado de por vida. Buena prueba es la pl\u00e9yade de gente que se presenta a cualquier tipo de puesto ofertado. <strong>Podr\u00edamos decir que es como alcanzar \u00ab<em>El Dorado<\/em>\u00bb en materia laboral.<\/strong><\/p>\n<p><a href=\"https:\/\/static-blogs.elcomercio.es\/wp-content\/uploads\/sites\/4\/2020\/02\/download.jpg\"><img loading=\"lazy\" class=\"size-medium wp-image-5263 alignleft\" src=\"https:\/\/static-blogs.elcomercio.es\/wp-content\/uploads\/sites\/4\/2020\/02\/download-300x168.jpg\" alt=\"\" width=\"300\" height=\"168\" \/><\/a>Aunque lo m\u00e1s sorprendente, sin duda, es que se quiera cuadrar el c\u00edrculo para justificar esta medida.<strong> Es decir, que poner en marcha esta reducci\u00f3n de jornada no va a representar ning\u00fan incremento del coste salarial.<\/strong> Es lo que sostiene la concejala de Hacienda, <em>Mar\u00eda Pineda,<\/em> para defender el acuerdo que ha alcanzado con los sindicatos. Vamos, que se trabaja menos y eso no va a repercutir: ni en que haya que contratar a m\u00e1s personal para hacer lo mismo, ni que el nivel de servicio al ciudadano se resienta en lo m\u00e1s m\u00ednimo. Esto \u00faltimo si no se puede incrementar plantilla por temas legales.<strong> A todas luces, como digo, un imposible.<\/strong> Hay departamentos -como el de Urbanismo en lo que se refiere a la concesi\u00f3n de licencias de obras- completamente atascados. <strong>Prueben a pedir una para lo m\u00e1s simple que se les ocurra y ver\u00e1n cu\u00e1nto tarda.<\/strong> Ahora, si la cuesti\u00f3n es que se va a las 35 horas semanales de trabajo, el tiempo de espera crecer\u00e1 a\u00fan m\u00e1s. <strong>Tendr\u00e1n que esperar hasta el infinito y m\u00e1s all\u00e1.<\/strong><\/p>\n<p><em><strong>@balbuenajm<\/strong><\/em><\/p>\n<!-- AddThis Advanced Settings generic via filter on the_content --><!-- AddThis Share Buttons generic via filter on the_content -->","protected":false},"excerpt":{"rendered":"<p>A partir de este lunes los m\u00e1s de 3.000 funcionarios municipales y personal laboral volver\u00e1n a tener una jornada de 35 horas semanales. Algo que ya disfrutaban en 2012 y que perdieron debido a la crisis. Desde luego, es una prebenda clara de la funci\u00f3n p\u00fablica. D\u00edganme qu\u00e9 empresa privada se puede permitir eso o [&hellip;]<!-- AddThis Advanced Settings generic via filter on get_the_excerpt --><!-- AddThis Share Buttons generic via filter on get_the_excerpt --><\/p>\n","protected":false},"author":5,"featured_media":0,"comment_status":"open","ping_status":"open","sticky":false,"template":"","format":"standard","meta":[],"categories":[1],"tags":[312,816,125,436,709,189,428,695,461],"_links":{"self":[{"href":"https:\/\/blogs.elcomercio.es\/retorcida-realidad\/wp-json\/wp\/v2\/posts\/5261"}],"collection":[{"href":"https:\/\/blogs.elcomercio.es\/retorcida-realidad\/wp-json\/wp\/v2\/posts"}],"about":[{"href":"https:\/\/blogs.elcomercio.es\/retorcida-realidad\/wp-json\/wp\/v2\/types\/post"}],"author":[{"embeddable":true,"href":"https:\/\/blogs.elcomercio.es\/retorcida-realidad\/wp-json\/wp\/v2\/users\/5"}],"replies":[{"embeddable":true,"href":"https:\/\/blogs.elcomercio.es\/retorcida-realidad\/wp-json\/wp\/v2\/comments?post=5261"}],"version-history":[{"count":2,"href":"https:\/\/blogs.elcomercio.es\/retorcida-realidad\/wp-json\/wp\/v2\/posts\/5261\/revisions"}],"predecessor-version":[{"id":5265,"href":"https:\/\/blogs.elcomercio.es\/retorcida-realidad\/wp-json\/wp\/v2\/posts\/5261\/revisions\/5265"}],"wp:attachment":[{"href":"https:\/\/blogs.elcomercio.es\/retorcida-realidad\/wp-json\/wp\/v2\/media?parent=5261"}],"wp:term":[{"taxonomy":"category","embeddable":true,"href":"https:\/\/blogs.elcomercio.es\/retorcida-realidad\/wp-json\/wp\/v2\/categories?post=5261"},{"taxonomy":"post_tag","embeddable":true,"href":"https:\/\/blogs.elcomercio.es\/retorcida-realidad\/wp-json\/wp\/v2\/tags?post=5261"}],"curies":[{"name":"wp","href":"https:\/\/api.w.org\/{rel}","templated":true}]}}