{"id":5272,"date":"2020-02-15T08:43:51","date_gmt":"2020-02-15T07:43:51","guid":{"rendered":"https:\/\/blogs.elcomercio.es\/retorcida-realidad\/?p=5272"},"modified":"2020-02-15T08:48:46","modified_gmt":"2020-02-15T07:48:46","slug":"hasta-cuando","status":"publish","type":"post","link":"https:\/\/blogs.elcomercio.es\/retorcida-realidad\/2020\/02\/15\/hasta-cuando\/","title":{"rendered":"\u00bfHasta cu\u00e1ndo?"},"content":{"rendered":"<p><strong><a href=\"https:\/\/static-blogs.elcomercio.es\/wp-content\/uploads\/sites\/4\/2020\/02\/universidad-laboral-gijon-U4023511221mH-624x385@El-Comercio-ElComercio-kgbF-U100143018759rn-228x141@El-Comercio.jpg\"><img loading=\"lazy\" class=\" wp-image-5273 alignleft\" src=\"https:\/\/static-blogs.elcomercio.es\/wp-content\/uploads\/sites\/4\/2020\/02\/universidad-laboral-gijon-U4023511221mH-624x385@El-Comercio-ElComercio-kgbF-U100143018759rn-228x141@El-Comercio.jpg\" alt=\"\" width=\"302\" height=\"187\" \/><\/a>\u00bfHasta cu\u00e1ndo tendr\u00e1 que sobrellevar el sambenito de franquista la Universidad Laboral? \u00bfHasta cu\u00e1ndo esta ciudad la seguir\u00e1 mirando con desd\u00e9n? Tal parece que nunca.<\/strong> El Ayuntamiento tuvo una oportunidad de oro para terminar con esto el pasado mi\u00e9rcoles. Se votaba una iniciativa del PP para presentar su candidatura a la lista de Patrimonio Mundial de la Unesco. Algo que tambi\u00e9n sustentaba la Asociaci\u00f3n de Antiguos Alumnos del centro. Sin embargo, se impuso la pol\u00edtica de bloques. La propuesta fue rechazaba de forma conjunta por la izquierda y apoyada desde la derecha. En definitiva, lo mismo de siempre cuando se habla de La Laboral. Un monumento -s\u00ed, aunque algunos, como el propio rector de la Universidad de Oviedo, no lo vean de esta manera- que parece el hijo pr\u00f3digo de Gij\u00f3n. <strong>Mucho m\u00e1s valorado fuera de aqu\u00ed que en su propio lugar de origen.<\/strong> Supongo que en cualquier otra parte de Espa\u00f1a (o del extranjero) no pasar\u00eda algo semejante. <strong>Es decir, que se tenga tan magn\u00e1nimo conjunto arquitect\u00f3nico y ni siquiera se le quiera sacar rendimiento.<\/strong> M\u00e1xime si se trata de intentar obtener un reconocimiento a nivel mundial. Lo cual, por cierto, ya ser\u00eda dif\u00edcil de por s\u00ed.<\/p>\n<p><a href=\"https:\/\/static-blogs.elcomercio.es\/wp-content\/uploads\/sites\/4\/2020\/02\/52984492-648x400.jpg\"><img loading=\"lazy\" class=\"size-medium wp-image-5274 alignleft\" src=\"https:\/\/static-blogs.elcomercio.es\/wp-content\/uploads\/sites\/4\/2020\/02\/52984492-648x400-300x185.jpg\" alt=\"\" width=\"300\" height=\"185\" srcset=\"https:\/\/static-blogs.elcomercio.es\/wp-content\/uploads\/sites\/4\/2020\/02\/52984492-648x400-300x185.jpg 300w, https:\/\/static-blogs.elcomercio.es\/wp-content\/uploads\/sites\/4\/2020\/02\/52984492-648x400.jpg 648w\" sizes=\"(max-width: 300px) 100vw, 300px\" \/><\/a>Y es que la historia, sin duda, vuelve a repetirse. Para algunos, el motivo de la construcci\u00f3n de la obra de <em>Luis Moya<\/em> -al servicio de la dictadura, claro- se impone a su continente. <strong>Pasan los a\u00f1os, las generaciones y las heridas sobre la Universidad Laboral no se cierran.<\/strong> <strong>O no se quieren cerrar, que tambi\u00e9n.<\/strong> Preg\u00fantenle a un menor de 45 a\u00f1os qu\u00e9 significa este edificio y no har\u00e1 ni la m\u00e1s m\u00ednima menci\u00f3n al r\u00e9gimen. <strong>M\u00e1s que nada, porque no hab\u00eda nacido cuando Franco muri\u00f3.<\/strong> S\u00f3lo ver\u00e1 unas instalaciones desaprovechadas -echadas a perder en una buena parte- a las que poco a poco se las va dejando morir. Con proyectos fallidos como el famoso hotel cinco estrellas que nunca abri\u00f3 o un centro de vanguardia quebrado. En definitiva, las iniciativas que impuls\u00f3 hace muchos a\u00f1os el presidente <em>Vicente \u00c1lvarez-Areces<\/em>. Desde entonces, la nada. El olvido m\u00e1s absoluto e incluso, como ocurri\u00f3 en el Pleno municipal, el desprecio. <strong>Yo creo que algunos propondr\u00edan hasta su demolici\u00f3n sin el menor titubeo.<\/strong> Son las cosas que tiene mirar el mundo desde la \u00f3ptica siempre deformada de una ideolog\u00eda cualquiera.<\/p>\n<p><strong>@balbuenajm<\/strong><\/p>\n<!-- AddThis Advanced Settings generic via filter on the_content --><!-- AddThis Share Buttons generic via filter on the_content -->","protected":false},"excerpt":{"rendered":"<p>\u00bfHasta cu\u00e1ndo tendr\u00e1 que sobrellevar el sambenito de franquista la Universidad Laboral? \u00bfHasta cu\u00e1ndo esta ciudad la seguir\u00e1 mirando con desd\u00e9n? Tal parece que nunca. El Ayuntamiento tuvo una oportunidad de oro para terminar con esto el pasado mi\u00e9rcoles. Se votaba una iniciativa del PP para presentar su candidatura a la lista de Patrimonio Mundial [&hellip;]<!-- AddThis Advanced Settings generic via filter on get_the_excerpt --><!-- AddThis Share Buttons generic via filter on get_the_excerpt --><\/p>\n","protected":false},"author":5,"featured_media":0,"comment_status":"open","ping_status":"open","sticky":false,"template":"","format":"standard","meta":[],"categories":[1],"tags":[5,312,720,17,820,821,740,692,819,506],"_links":{"self":[{"href":"https:\/\/blogs.elcomercio.es\/retorcida-realidad\/wp-json\/wp\/v2\/posts\/5272"}],"collection":[{"href":"https:\/\/blogs.elcomercio.es\/retorcida-realidad\/wp-json\/wp\/v2\/posts"}],"about":[{"href":"https:\/\/blogs.elcomercio.es\/retorcida-realidad\/wp-json\/wp\/v2\/types\/post"}],"author":[{"embeddable":true,"href":"https:\/\/blogs.elcomercio.es\/retorcida-realidad\/wp-json\/wp\/v2\/users\/5"}],"replies":[{"embeddable":true,"href":"https:\/\/blogs.elcomercio.es\/retorcida-realidad\/wp-json\/wp\/v2\/comments?post=5272"}],"version-history":[{"count":1,"href":"https:\/\/blogs.elcomercio.es\/retorcida-realidad\/wp-json\/wp\/v2\/posts\/5272\/revisions"}],"predecessor-version":[{"id":5275,"href":"https:\/\/blogs.elcomercio.es\/retorcida-realidad\/wp-json\/wp\/v2\/posts\/5272\/revisions\/5275"}],"wp:attachment":[{"href":"https:\/\/blogs.elcomercio.es\/retorcida-realidad\/wp-json\/wp\/v2\/media?parent=5272"}],"wp:term":[{"taxonomy":"category","embeddable":true,"href":"https:\/\/blogs.elcomercio.es\/retorcida-realidad\/wp-json\/wp\/v2\/categories?post=5272"},{"taxonomy":"post_tag","embeddable":true,"href":"https:\/\/blogs.elcomercio.es\/retorcida-realidad\/wp-json\/wp\/v2\/tags?post=5272"}],"curies":[{"name":"wp","href":"https:\/\/api.w.org\/{rel}","templated":true}]}}