{"id":5276,"date":"2020-02-18T06:43:12","date_gmt":"2020-02-18T05:43:12","guid":{"rendered":"https:\/\/blogs.elcomercio.es\/retorcida-realidad\/?p=5276"},"modified":"2020-02-19T16:19:21","modified_gmt":"2020-02-19T15:19:21","slug":"y-van-dos","status":"publish","type":"post","link":"https:\/\/blogs.elcomercio.es\/retorcida-realidad\/2020\/02\/18\/y-van-dos\/","title":{"rendered":"Y van dos."},"content":{"rendered":"<p><a href=\"https:\/\/static-blogs.elcomercio.es\/wp-content\/uploads\/sites\/4\/2020\/02\/53030572-648x400.jpg\"><img loading=\"lazy\" class=\"size-medium wp-image-5277 alignleft\" src=\"https:\/\/static-blogs.elcomercio.es\/wp-content\/uploads\/sites\/4\/2020\/02\/53030572-648x400-300x185.jpg\" alt=\"\" width=\"300\" height=\"185\" srcset=\"https:\/\/static-blogs.elcomercio.es\/wp-content\/uploads\/sites\/4\/2020\/02\/53030572-648x400-300x185.jpg 300w, https:\/\/static-blogs.elcomercio.es\/wp-content\/uploads\/sites\/4\/2020\/02\/53030572-648x400.jpg 648w\" sizes=\"(max-width: 300px) 100vw, 300px\" \/><\/a>El pasado verano tuve que hacer de gu\u00eda en la Universidad Laboral. Fue ante una visita familiar a la que, como a muchas otras personas, le llamaba la atenci\u00f3n el conjunto. Durante la misma, en ning\u00fan momento obvi\u00e9 sus or\u00edgenes. Es decir, que fue construida por el r\u00e9gimen franquista a mayor gloria.<strong> La verdad, es imposible evitarlo.<\/strong> Sin embargo, un turista cualquiera tambi\u00e9n se queda con otras cosas. La torre, el patio o la magnanimidad de la obra.<strong> Eso s\u00ed, me dio un poco de verg\u00fcenza tener que tapar las carencias de ciertas partes abandonadas.<\/strong> Por ejemplo, la zona de las piscinas o donde se iba a ubicar un hotel de cinco estrellas fallido.<strong> Tuve que justificarlo en base a lo grande (inmenso) del propio edificio.<\/strong> Digo todo esto porque la rectificaci\u00f3n del equipo de gobierno sobre su postura inicial de no apoyar la candidatura a ser declarada Patrimonio de la Humanidad, contempla que \u00ab<em>se realice haciendo constancia expresa, al amparo de la Ley de Memoria Hist\u00f3rica, a las aspiraciones que la levantaron y a la naturaleza totalitaria del r\u00e9gimen<\/em>\u00bb. \u00bfDe verdad hace falta? \u00bfDe verdad en la Unesco no saben de sobra la historia de Espa\u00f1a y su dictadura? \u00bf<strong>Acaso cuando declararon Patrimonio de la Humanidad al campo de concentraci\u00f3n de Auschwitz en 1979, pusieron como condici\u00f3n recalcar su negra historia?<\/strong><\/p>\n<p><a href=\"https:\/\/static-blogs.elcomercio.es\/wp-content\/uploads\/sites\/4\/2020\/02\/Imagen-laboral-obras-3-kfRE-228x141@El-Comercio.jpg\"><img loading=\"lazy\" class=\" wp-image-5278 alignleft\" src=\"https:\/\/static-blogs.elcomercio.es\/wp-content\/uploads\/sites\/4\/2020\/02\/Imagen-laboral-obras-3-kfRE-228x141@El-Comercio.jpg\" alt=\"\" width=\"295\" height=\"183\" \/><\/a>Tambi\u00e9n resulta curioso lo de la resignificaci\u00f3n. Es decir, la eliminaci\u00f3n de ese componente de la dictadura para suplirlo por los valores democr\u00e1ticos, como no pod\u00eda ser de otra forma. <strong>Por eso, porque para la gran mayor\u00eda de los gijoneses La Laboral no representa nada de esto, se juntaron el domingo casi 800 personas en la Plaza Mayor del Ayuntamiento. Clamando para que se reconozca lo que une y no lo que separa.<\/strong> Muchos de los all\u00ed presentes, estudiaron o simplemente disfrutaron de sus instalaciones. Lo mismo que hac\u00eda yo cuando iba a jugar al f\u00fatbol en los campos. <strong>Afortunadamente, la Universidad Laboral nada tiene que ver ahora con lo que fue. Despu\u00e9s de m\u00e1s de cuarenta a\u00f1os de democracia lo sabemos de sobra.<\/strong> Otra cosa es que el equipo de gobierno no lo quisiese reconocer y por eso todo han sido reacciones en contra. M\u00e1s que nada, porque su postura resulta incomprensible para la mayor\u00eda de los gijoneses.<strong> La sociedad civil le ha vuelto a torcer el brazo a los responsables municipales. Y van dos, si contamos el \u00ab<em>affaire<\/em>\u00bb del anillo navegable del Piles.<\/strong><\/p>\n<p><em><strong>@balbuenajm<\/strong><\/em><\/p>\n<!-- AddThis Advanced Settings generic via filter on the_content --><!-- AddThis Share Buttons generic via filter on the_content -->","protected":false},"excerpt":{"rendered":"<p>El pasado verano tuve que hacer de gu\u00eda en la Universidad Laboral. Fue ante una visita familiar a la que, como a muchas otras personas, le llamaba la atenci\u00f3n el conjunto. Durante la misma, en ning\u00fan momento obvi\u00e9 sus or\u00edgenes. Es decir, que fue construida por el r\u00e9gimen franquista a mayor gloria. La verdad, es [&hellip;]<!-- AddThis Advanced Settings generic via filter on get_the_excerpt --><!-- AddThis Share Buttons generic via filter on get_the_excerpt --><\/p>\n","protected":false},"author":5,"featured_media":0,"comment_status":"open","ping_status":"open","sticky":false,"template":"","format":"standard","meta":[],"categories":[1],"tags":[463,312,428,822,17,820,821,698,114,438,496],"_links":{"self":[{"href":"https:\/\/blogs.elcomercio.es\/retorcida-realidad\/wp-json\/wp\/v2\/posts\/5276"}],"collection":[{"href":"https:\/\/blogs.elcomercio.es\/retorcida-realidad\/wp-json\/wp\/v2\/posts"}],"about":[{"href":"https:\/\/blogs.elcomercio.es\/retorcida-realidad\/wp-json\/wp\/v2\/types\/post"}],"author":[{"embeddable":true,"href":"https:\/\/blogs.elcomercio.es\/retorcida-realidad\/wp-json\/wp\/v2\/users\/5"}],"replies":[{"embeddable":true,"href":"https:\/\/blogs.elcomercio.es\/retorcida-realidad\/wp-json\/wp\/v2\/comments?post=5276"}],"version-history":[{"count":2,"href":"https:\/\/blogs.elcomercio.es\/retorcida-realidad\/wp-json\/wp\/v2\/posts\/5276\/revisions"}],"predecessor-version":[{"id":5280,"href":"https:\/\/blogs.elcomercio.es\/retorcida-realidad\/wp-json\/wp\/v2\/posts\/5276\/revisions\/5280"}],"wp:attachment":[{"href":"https:\/\/blogs.elcomercio.es\/retorcida-realidad\/wp-json\/wp\/v2\/media?parent=5276"}],"wp:term":[{"taxonomy":"category","embeddable":true,"href":"https:\/\/blogs.elcomercio.es\/retorcida-realidad\/wp-json\/wp\/v2\/categories?post=5276"},{"taxonomy":"post_tag","embeddable":true,"href":"https:\/\/blogs.elcomercio.es\/retorcida-realidad\/wp-json\/wp\/v2\/tags?post=5276"}],"curies":[{"name":"wp","href":"https:\/\/api.w.org\/{rel}","templated":true}]}}