{"id":5285,"date":"2020-02-22T08:52:42","date_gmt":"2020-02-22T07:52:42","guid":{"rendered":"https:\/\/blogs.elcomercio.es\/retorcida-realidad\/?p=5285"},"modified":"2020-02-22T08:58:16","modified_gmt":"2020-02-22T07:58:16","slug":"lo-que-faltaba","status":"publish","type":"post","link":"https:\/\/blogs.elcomercio.es\/retorcida-realidad\/2020\/02\/22\/lo-que-faltaba\/","title":{"rendered":"Lo que faltaba."},"content":{"rendered":"<p><a href=\"https:\/\/static-blogs.elcomercio.es\/wp-content\/uploads\/sites\/4\/2020\/02\/53056602-624x321.jpg\"><img loading=\"lazy\" class=\"size-medium wp-image-5286 alignleft\" src=\"https:\/\/static-blogs.elcomercio.es\/wp-content\/uploads\/sites\/4\/2020\/02\/53056602-624x321-300x154.jpg\" alt=\"\" width=\"300\" height=\"154\" srcset=\"https:\/\/static-blogs.elcomercio.es\/wp-content\/uploads\/sites\/4\/2020\/02\/53056602-624x321-300x154.jpg 300w, https:\/\/static-blogs.elcomercio.es\/wp-content\/uploads\/sites\/4\/2020\/02\/53056602-624x321.jpg 624w\" sizes=\"(max-width: 300px) 100vw, 300px\" \/><\/a>La sabidur\u00eda popular siempre tuvo raz\u00f3n. Me refiero a cu\u00e1l era el origen de las manchas de carb\u00f3n que peri\u00f3dicamente aparecen en San Lorenzo. La versi\u00f3n oficial nos contaba que proven\u00edan del pecio hundido del Castillo de Salas. Una autentica mina sumergida en nuestra costa desde 1986. <strong>Ahora bien, los paisanos y paisanas que est\u00e1n pendientes del mar lo ten\u00edan claro: tambi\u00e9n de esas monta\u00f1as negras que se divisan en los espigones del Musel.<\/strong> Fue lo que confirm\u00f3 una recogida de muestras realizada por el Instituto Nacional del Carb\u00f3n el a\u00f1o pasado. Lo que ti\u00f1e el arenal viene de otro sitio distinto al buque naufragado. Es decir, del acopio de minerales que se realiza en el puerto. <strong>Esta semana el Principado reaccion\u00f3 ante un proyecto carbonero de una empresa gijonesa paraliz\u00e1ndolo.<\/strong> Le exige estudiar el riesgo de que \u00ab<em>el viento o la lluvia<\/em>\u00bb lleve la hulla a la playa. Asimismo, reconoce que hasta hace cinco a\u00f1os no hab\u00eda hecho nada sobre el tema, para luego centrarse en la calidad del aire, o lo que es igual, evitar esas nubes negras que convert\u00edan a Gij\u00f3n en una especie de Mordor. Hasta ah\u00ed, digamos, todo bastante normal. Est\u00e1 claro que nadie desea ver las playas con arena negra y la Administraci\u00f3n debe hacer cumplir las normas medioambientales para evitarlo.<\/p>\n<p><a href=\"https:\/\/static-blogs.elcomercio.es\/wp-content\/uploads\/sites\/4\/2020\/02\/musel-k0pE-624x385@El-Comercio.jpg\"><img loading=\"lazy\" class=\"size-medium wp-image-5287 alignleft\" src=\"https:\/\/static-blogs.elcomercio.es\/wp-content\/uploads\/sites\/4\/2020\/02\/musel-k0pE-624x385@El-Comercio-300x185.jpg\" alt=\"\" width=\"300\" height=\"185\" srcset=\"https:\/\/static-blogs.elcomercio.es\/wp-content\/uploads\/sites\/4\/2020\/02\/musel-k0pE-624x385@El-Comercio-300x185.jpg 300w, https:\/\/static-blogs.elcomercio.es\/wp-content\/uploads\/sites\/4\/2020\/02\/musel-k0pE-624x385@El-Comercio.jpg 624w\" sizes=\"(max-width: 300px) 100vw, 300px\" \/><\/a>Sin embargo, lo curioso est\u00e1 en c\u00f3mo se ha producido este s\u00fabito incremento en la labor inspectora. Ha sido el todopoderoso Ministerio de Transici\u00f3n Ecol\u00f3gica quien la inst\u00f3 durante el periodo de informaci\u00f3n p\u00fablica del proyecto. <strong>S\u00ed, a la ministra <em>Teresa Ribera<\/em> -due\u00f1a de los cielos y mares de nuestro para\u00edso natural- no le gusta que El Musel sea un puerto carbonero.<\/strong> Quiere controlar lo que se mueve y le ha dicho a la Consejer\u00eda de Medio Ambiente qu\u00e9 tiene que hacer. \u00c9sta, pese a ostentar las competencias, ha acatado la orden sin rechistar y de ah\u00ed viene esa paralizaci\u00f3n. <strong>Pues bien, s\u00f3lo faltaba que <em>Ribera<\/em> -\u00e1ngel exterminador de las centrales t\u00e9rmicas- se pusiese a decidir qu\u00e9 se puede instalar o no en la d\u00e1rsena.<\/strong> Aviados vamos. Lo que le faltaba a El Musel -que ha perdido 4,4 millones de toneladas de mercanc\u00edas en dos a\u00f1os por la descarbonizaci\u00f3n acelerada- es que se metiera el Ministerio por el medio. Lo que le faltaba, repito, es que se perdiese esta inversi\u00f3n o cualquier otra por el conocido fundamentalismo ecol\u00f3gico de esta se\u00f1ora. <strong>Lo dicho: con Rivera hemos topado.<\/strong><\/p>\n<p><em><strong>@balbuenajm<\/strong><\/em><\/p>\n<!-- AddThis Advanced Settings generic via filter on the_content --><!-- AddThis Share Buttons generic via filter on the_content -->","protected":false},"excerpt":{"rendered":"<p>La sabidur\u00eda popular siempre tuvo raz\u00f3n. Me refiero a cu\u00e1l era el origen de las manchas de carb\u00f3n que peri\u00f3dicamente aparecen en San Lorenzo. La versi\u00f3n oficial nos contaba que proven\u00edan del pecio hundido del Castillo de Salas. Una autentica mina sumergida en nuestra costa desde 1986. Ahora bien, los paisanos y paisanas que est\u00e1n [&hellip;]<!-- AddThis Advanced Settings generic via filter on get_the_excerpt --><!-- AddThis Share Buttons generic via filter on get_the_excerpt --><\/p>\n","protected":false},"author":5,"featured_media":0,"comment_status":"open","ping_status":"open","sticky":false,"template":"","format":"standard","meta":[],"categories":[1],"tags":[140,668,489,257,14,17,559,281,451],"_links":{"self":[{"href":"https:\/\/blogs.elcomercio.es\/retorcida-realidad\/wp-json\/wp\/v2\/posts\/5285"}],"collection":[{"href":"https:\/\/blogs.elcomercio.es\/retorcida-realidad\/wp-json\/wp\/v2\/posts"}],"about":[{"href":"https:\/\/blogs.elcomercio.es\/retorcida-realidad\/wp-json\/wp\/v2\/types\/post"}],"author":[{"embeddable":true,"href":"https:\/\/blogs.elcomercio.es\/retorcida-realidad\/wp-json\/wp\/v2\/users\/5"}],"replies":[{"embeddable":true,"href":"https:\/\/blogs.elcomercio.es\/retorcida-realidad\/wp-json\/wp\/v2\/comments?post=5285"}],"version-history":[{"count":1,"href":"https:\/\/blogs.elcomercio.es\/retorcida-realidad\/wp-json\/wp\/v2\/posts\/5285\/revisions"}],"predecessor-version":[{"id":5288,"href":"https:\/\/blogs.elcomercio.es\/retorcida-realidad\/wp-json\/wp\/v2\/posts\/5285\/revisions\/5288"}],"wp:attachment":[{"href":"https:\/\/blogs.elcomercio.es\/retorcida-realidad\/wp-json\/wp\/v2\/media?parent=5285"}],"wp:term":[{"taxonomy":"category","embeddable":true,"href":"https:\/\/blogs.elcomercio.es\/retorcida-realidad\/wp-json\/wp\/v2\/categories?post=5285"},{"taxonomy":"post_tag","embeddable":true,"href":"https:\/\/blogs.elcomercio.es\/retorcida-realidad\/wp-json\/wp\/v2\/tags?post=5285"}],"curies":[{"name":"wp","href":"https:\/\/api.w.org\/{rel}","templated":true}]}}