{"id":5290,"date":"2020-02-25T09:25:47","date_gmt":"2020-02-25T08:25:47","guid":{"rendered":"https:\/\/blogs.elcomercio.es\/retorcida-realidad\/?p=5290"},"modified":"2020-02-25T09:29:27","modified_gmt":"2020-02-25T08:29:27","slug":"un-arma-liberticida","status":"publish","type":"post","link":"https:\/\/blogs.elcomercio.es\/retorcida-realidad\/2020\/02\/25\/un-arma-liberticida\/","title":{"rendered":"Un arma liberticida."},"content":{"rendered":"<p><strong><a href=\"https:\/\/static-blogs.elcomercio.es\/wp-content\/uploads\/sites\/4\/2020\/02\/patinete-kqGF-624x385@El-Comercio.jpg\"><img loading=\"lazy\" class=\"size-medium wp-image-5291 alignleft\" src=\"https:\/\/static-blogs.elcomercio.es\/wp-content\/uploads\/sites\/4\/2020\/02\/patinete-kqGF-624x385@El-Comercio-300x185.jpg\" alt=\"\" width=\"300\" height=\"185\" srcset=\"https:\/\/static-blogs.elcomercio.es\/wp-content\/uploads\/sites\/4\/2020\/02\/patinete-kqGF-624x385@El-Comercio-300x185.jpg 300w, https:\/\/static-blogs.elcomercio.es\/wp-content\/uploads\/sites\/4\/2020\/02\/patinete-kqGF-624x385@El-Comercio.jpg 624w\" sizes=\"(max-width: 300px) 100vw, 300px\" \/><\/a>Mucho se tiene que pulir la nueva ordenanza de movilidad para que no resulte un arma liberticida. Esto es, un instrumento contra la libertad de cualquier individuo para circular por Gij\u00f3n.<\/strong> La cosa ya no est\u00e1 en que se demonice el coche hasta l\u00edmites insospechados. Digo m\u00e1s, en la cadena de prioridades de esta norma, seg\u00fan el concejal del ramo, <em>Aurelio Mart\u00edn<\/em>, el veh\u00edculo particular ocupa la \u00faltima posici\u00f3n a bastante distancia de todo lo dem\u00e1s. Es decir, un patinete el\u00e9ctrico, una bicicleta y, por supuesto, el peat\u00f3n. <strong>En cualquier caso, resulta curioso que quienes pagan impuestos al Ayuntamiento -los que tienen tubo de escape- acaben siendo maltratos de esa manera y los que no abonan un euro (insisto, un patinete de nuevo cu\u00f1o) sean los grandes beneficiados.<\/strong> Tampoco extra\u00f1a que se extienda la zona de la ORA a toda la ciudad y que las motocicletas, instrumento de transporte urbano por excelencia, tengan ahora que pagar. La cosa, como digo, es que esta regulaci\u00f3n tambi\u00e9n tiene partes extravagantes en ese af\u00e1n de controlar. Vean si no.<\/p>\n<p><a href=\"https:\/\/static-blogs.elcomercio.es\/wp-content\/uploads\/sites\/4\/2020\/02\/53267946-624x415.jpg\"><img loading=\"lazy\" class=\"size-medium wp-image-5292 alignleft\" src=\"https:\/\/static-blogs.elcomercio.es\/wp-content\/uploads\/sites\/4\/2020\/02\/53267946-624x415-300x200.jpg\" alt=\"\" width=\"300\" height=\"200\" srcset=\"https:\/\/static-blogs.elcomercio.es\/wp-content\/uploads\/sites\/4\/2020\/02\/53267946-624x415-300x200.jpg 300w, https:\/\/static-blogs.elcomercio.es\/wp-content\/uploads\/sites\/4\/2020\/02\/53267946-624x415.jpg 624w\" sizes=\"(max-width: 300px) 100vw, 300px\" \/><\/a>Resulta que en su art\u00edculo 10.6 reglamenta hasta los rodajes de pel\u00edculas. S\u00ed, cualquier filmaci\u00f3n con animales debe tener la preceptiva autorizaci\u00f3n municipal, adem\u00e1s de un veterinario en el set de rodaje que certifique su bienestar. <strong>Ya me dir\u00e1n si no es absurdo a todas luces.<\/strong> Asimismo, para los turistas o gijoneses (art\u00edculo 85.5) que quieran dar un paseo en bicicleta o patinete el\u00e9ctrico les impone restricciones. Tienen que ir en grupos de no m\u00e1s de 15 personas con una distancia entre s\u00ed de 50 metros. Ojo, no 49 o 47 porque hasta eso lo mide. Adem\u00e1s, si son m\u00e1s de seis \u00ab<em>deber\u00e1n ir acompa\u00f1ados por un gu\u00eda con conocimiento de la red ciclista y del contenido de esta ordenanza<\/em>\u00bb. <strong>O sea, que encima tienen que aprenderse este bodrio que se est\u00e1 pariendo.<\/strong> En fin, espero que en este periodo de alegaciones -fase en la que actualmente est\u00e1- se suavice bastante. De lo contrario, tendremos que declarar a Gij\u00f3n como ciudad enemiga de la libre circulaci\u00f3n. <strong>Una especie de dictadura donde se perseguir\u00e1, no s\u00e9, al que quiera sacar el coche por el simple hecho de que le gusta conducir.<\/strong> Seg\u00fan parece, la nueva religi\u00f3n ecol\u00f3gica es lo que le depara al veh\u00edculo particular. Ya saben, todos en bicicleta y ese tercio de la poblaci\u00f3n mayor de 65 a\u00f1os que vaya comprando el casco. <strong>El Gran Hermano que representa esta ordenanza municipal de movilidad te va a obligar.<\/strong><\/p>\n<p><em><strong>@balbuenajm<\/strong><\/em><\/p>\n<!-- AddThis Advanced Settings generic via filter on the_content --><!-- AddThis Share Buttons generic via filter on the_content -->","protected":false},"excerpt":{"rendered":"<p>Mucho se tiene que pulir la nueva ordenanza de movilidad para que no resulte un arma liberticida. Esto es, un instrumento contra la libertad de cualquier individuo para circular por Gij\u00f3n. La cosa ya no est\u00e1 en que se demonice el coche hasta l\u00edmites insospechados. Digo m\u00e1s, en la cadena de prioridades de esta norma, [&hellip;]<!-- AddThis Advanced Settings generic via filter on get_the_excerpt --><!-- AddThis Share Buttons generic via filter on get_the_excerpt --><\/p>\n","protected":false},"author":5,"featured_media":0,"comment_status":"open","ping_status":"open","sticky":false,"template":"","format":"standard","meta":[],"categories":[1],"tags":[463,829,810,470,312,714,87,257,17,809,212],"_links":{"self":[{"href":"https:\/\/blogs.elcomercio.es\/retorcida-realidad\/wp-json\/wp\/v2\/posts\/5290"}],"collection":[{"href":"https:\/\/blogs.elcomercio.es\/retorcida-realidad\/wp-json\/wp\/v2\/posts"}],"about":[{"href":"https:\/\/blogs.elcomercio.es\/retorcida-realidad\/wp-json\/wp\/v2\/types\/post"}],"author":[{"embeddable":true,"href":"https:\/\/blogs.elcomercio.es\/retorcida-realidad\/wp-json\/wp\/v2\/users\/5"}],"replies":[{"embeddable":true,"href":"https:\/\/blogs.elcomercio.es\/retorcida-realidad\/wp-json\/wp\/v2\/comments?post=5290"}],"version-history":[{"count":1,"href":"https:\/\/blogs.elcomercio.es\/retorcida-realidad\/wp-json\/wp\/v2\/posts\/5290\/revisions"}],"predecessor-version":[{"id":5293,"href":"https:\/\/blogs.elcomercio.es\/retorcida-realidad\/wp-json\/wp\/v2\/posts\/5290\/revisions\/5293"}],"wp:attachment":[{"href":"https:\/\/blogs.elcomercio.es\/retorcida-realidad\/wp-json\/wp\/v2\/media?parent=5290"}],"wp:term":[{"taxonomy":"category","embeddable":true,"href":"https:\/\/blogs.elcomercio.es\/retorcida-realidad\/wp-json\/wp\/v2\/categories?post=5290"},{"taxonomy":"post_tag","embeddable":true,"href":"https:\/\/blogs.elcomercio.es\/retorcida-realidad\/wp-json\/wp\/v2\/tags?post=5290"}],"curies":[{"name":"wp","href":"https:\/\/api.w.org\/{rel}","templated":true}]}}