{"id":5298,"date":"2020-02-29T08:53:38","date_gmt":"2020-02-29T07:53:38","guid":{"rendered":"https:\/\/blogs.elcomercio.es\/retorcida-realidad\/?p=5298"},"modified":"2020-02-29T08:58:41","modified_gmt":"2020-02-29T07:58:41","slug":"la-sociedad-civil","status":"publish","type":"post","link":"https:\/\/blogs.elcomercio.es\/retorcida-realidad\/2020\/02\/29\/la-sociedad-civil\/","title":{"rendered":"La sociedad civil."},"content":{"rendered":"<p><a href=\"https:\/\/static-blogs.elcomercio.es\/wp-content\/uploads\/sites\/4\/2020\/02\/laboral-mani-kDiG-U100174163902c6-624x385@El-Comercio.jpg\"><img loading=\"lazy\" class=\"size-medium wp-image-5299 alignleft\" src=\"https:\/\/static-blogs.elcomercio.es\/wp-content\/uploads\/sites\/4\/2020\/02\/laboral-mani-kDiG-U100174163902c6-624x385@El-Comercio-300x185.jpg\" alt=\"\" width=\"300\" height=\"185\" srcset=\"https:\/\/static-blogs.elcomercio.es\/wp-content\/uploads\/sites\/4\/2020\/02\/laboral-mani-kDiG-U100174163902c6-624x385@El-Comercio-300x185.jpg 300w, https:\/\/static-blogs.elcomercio.es\/wp-content\/uploads\/sites\/4\/2020\/02\/laboral-mani-kDiG-U100174163902c6-624x385@El-Comercio.jpg 624w\" sizes=\"(max-width: 300px) 100vw, 300px\" \/><\/a>Para m\u00ed, la sociedad civil es un movimiento libre. <strong>No tiene ideolog\u00eda, ni partido que la represente, ni mayores motivos que hacer de contrapeso al poder establecido.<\/strong> Es decir, act\u00faa de forma organizada ante una acci\u00f3n que considera lesiva a sus intereses colectivos. Muchos se han atribuido este papel en nuestro Gij\u00f3n del alma. De hecho, he escuchado en m\u00e1s de una ocasi\u00f3n hablar de ello a la Federaci\u00f3n de Asociaciones de Vecinos de la zona urbana. Sin embargo, su poder de representaci\u00f3n es m\u00e1s bien escaso. Yo dir\u00eda que casi nulo y carente de la fuerza necesaria para ser el motor. <strong>La sociedad civil gijonesa, repito, se organiza de forma espont\u00e1nea y sin ning\u00fan tipo de armaz\u00f3n que la contenga.<\/strong> Ante medidas tomadas (o anunciadas) por nuestro Ayuntamiento reacciona expresando su malestar o apoyo, que todo puede ser. <strong>Se convocan a s\u00ed mismos y no tienen por qu\u00e9 amoldarse a ninguna organizaci\u00f3n al uso.<\/strong> Sin duda, en estos \u00faltimos tiempos lo estamos viendo de manera constante. Ante decisiones municipales (presentes o futuras) salen a la calle o llevan miles de firmas ante el registro municipal. Vean si no.<\/p>\n<p><a href=\"https:\/\/static-blogs.elcomercio.es\/wp-content\/uploads\/sites\/4\/2020\/02\/53234035-624x468.jpg\"><img loading=\"lazy\" class=\"size-medium wp-image-5300 alignleft\" src=\"https:\/\/static-blogs.elcomercio.es\/wp-content\/uploads\/sites\/4\/2020\/02\/53234035-624x468-300x225.jpg\" alt=\"\" width=\"300\" height=\"225\" srcset=\"https:\/\/static-blogs.elcomercio.es\/wp-content\/uploads\/sites\/4\/2020\/02\/53234035-624x468-300x225.jpg 300w, https:\/\/static-blogs.elcomercio.es\/wp-content\/uploads\/sites\/4\/2020\/02\/53234035-624x468.jpg 624w\" sizes=\"(max-width: 300px) 100vw, 300px\" \/><\/a>Fue gratificante ver como sobre 800 gijoneses se concentraron en la Plaza Mayor para defender la declaraci\u00f3n de la Universidad Laboral como Patrimonio Mundial. <strong>Protestaban ante un Pleno donde, aparte de negarle tal car\u00e1cter, poco menos que la consideraba como un museo de los horrores: con presos esclavos imaginarios participando en su construcci\u00f3n.<\/strong> Desde luego, este movimiento fue decisivo para la rectificaci\u00f3n que tuvo que llevar a cabo el equipo de gobierno municipal. Lo mismo que cuando se cerr\u00f3 el anillo navegable del Piles pr\u00e1cticamente de un d\u00eda para otro. La posterior recogida de firmas influy\u00f3 en que el Ayuntamiento admitiese revisar y negociar esa media. En la actualidad, hay bastantes ciudadanos moviliz\u00e1ndose en contra de la nueva ordenanza de movilidad. El fin de semana pasado una plataforma de afectados estuvo controlando las matr\u00edculas de los veh\u00edculos que entraban en la ciudad. Su objetivo era saber qu\u00e9 tipo de distintivo ambiental tienen los coches que acceden a Gij\u00f3n. Por su parte, otros colectivos andan solicitando apoyos para que las motos no tengan que pagar la ORA, seg\u00fan quiere imponer la nueva normativa. <strong>En definitiva, que la sociedad civil gijonesa est\u00e1 viva y eso es una estupenda noticia. Nadie la maneja y reacciona cuando se siente agraviada.<\/strong><\/p>\n<p><em><strong>@balbuenajm<\/strong><\/em><\/p>\n<!-- AddThis Advanced Settings generic via filter on the_content --><!-- AddThis Share Buttons generic via filter on the_content -->","protected":false},"excerpt":{"rendered":"<p>Para m\u00ed, la sociedad civil es un movimiento libre. No tiene ideolog\u00eda, ni partido que la represente, ni mayores motivos que hacer de contrapeso al poder establecido. Es decir, act\u00faa de forma organizada ante una acci\u00f3n que considera lesiva a sus intereses colectivos. Muchos se han atribuido este papel en nuestro Gij\u00f3n del alma. De [&hellip;]<!-- AddThis Advanced Settings generic via filter on get_the_excerpt --><!-- AddThis Share Buttons generic via filter on get_the_excerpt --><\/p>\n","protected":false},"author":5,"featured_media":0,"comment_status":"open","ping_status":"open","sticky":false,"template":"","format":"standard","meta":[],"categories":[1],"tags":[463,470,720,17,437,555,820,695,461,305,438],"_links":{"self":[{"href":"https:\/\/blogs.elcomercio.es\/retorcida-realidad\/wp-json\/wp\/v2\/posts\/5298"}],"collection":[{"href":"https:\/\/blogs.elcomercio.es\/retorcida-realidad\/wp-json\/wp\/v2\/posts"}],"about":[{"href":"https:\/\/blogs.elcomercio.es\/retorcida-realidad\/wp-json\/wp\/v2\/types\/post"}],"author":[{"embeddable":true,"href":"https:\/\/blogs.elcomercio.es\/retorcida-realidad\/wp-json\/wp\/v2\/users\/5"}],"replies":[{"embeddable":true,"href":"https:\/\/blogs.elcomercio.es\/retorcida-realidad\/wp-json\/wp\/v2\/comments?post=5298"}],"version-history":[{"count":1,"href":"https:\/\/blogs.elcomercio.es\/retorcida-realidad\/wp-json\/wp\/v2\/posts\/5298\/revisions"}],"predecessor-version":[{"id":5301,"href":"https:\/\/blogs.elcomercio.es\/retorcida-realidad\/wp-json\/wp\/v2\/posts\/5298\/revisions\/5301"}],"wp:attachment":[{"href":"https:\/\/blogs.elcomercio.es\/retorcida-realidad\/wp-json\/wp\/v2\/media?parent=5298"}],"wp:term":[{"taxonomy":"category","embeddable":true,"href":"https:\/\/blogs.elcomercio.es\/retorcida-realidad\/wp-json\/wp\/v2\/categories?post=5298"},{"taxonomy":"post_tag","embeddable":true,"href":"https:\/\/blogs.elcomercio.es\/retorcida-realidad\/wp-json\/wp\/v2\/tags?post=5298"}],"curies":[{"name":"wp","href":"https:\/\/api.w.org\/{rel}","templated":true}]}}