{"id":62,"date":"2007-11-22T07:34:08","date_gmt":"2007-11-22T07:34:08","guid":{"rendered":"http:\/\/blogs.elcomercio.es\/retorcida-realidad\/?p=62"},"modified":"2007-11-22T07:34:08","modified_gmt":"2007-11-22T07:34:08","slug":"no-todo-vale","status":"publish","type":"post","link":"https:\/\/blogs.elcomercio.es\/retorcida-realidad\/2007\/11\/22\/no-todo-vale\/","title":{"rendered":"No todo vale."},"content":{"rendered":"<p><IMG src=\"\/retorcida-realidad\/files\/fotosadam.jpg\" id=\"img_0\" class=\"imgizqda\" height=\"97\" width=\"143\">V<big>aya por delante que no estoy de acuerdo con la Ley de la Memoria Hist\u00f3rica. Me parece que, a la postre, reabre m\u00e1s heridas que cicatriza. Ahora bien, hay argumentos a la hora de criticarla que no se sostienen. Hay quien, por ejemplo, para oponerse al cambio de los nombres en las calles, invocan a la historia. Esto es, que una calle o plaza se llame Francisco Franco no deber\u00eda alterarse, puesto que, a la saz\u00f3n, son hechos hist\u00f3ricos y los mismos deben ser recordados. Pues bien, yo pregunto, \u00bfcu\u00e1ntas calles existen en el mundo con el nombre de Adolf Hitler? \u00bfCu\u00e1ntas plazas en Italia (o fuera de ella) llevan como nombre el de Benito Mussolini? \u00bfNo se dedic\u00f3 acaso la nueva Rusia a borrar todo lo que signific\u00f3 Stalin? \u00bfQueda quiz\u00e1 alguna huella de Chauchescu en Ruman\u00eda? \u00bfLes apetecer\u00eda a los camboyanos tener una calle que se llamase Pol Pot? Creo que no debemos confundir la historia con la memoria y, sobre todo, con lo que conllev\u00f3 ese periodo dentro de una sociedad. No toda la historia puede ser recordada de la misma manera y, el hecho en s\u00ed de darle nombre a una calle, significa tambi\u00e9n un reconocimiento hacia la misma que a veces no merece. As\u00ed que, ojo a navegantes, la historia no lo justifica todo.<\/big><\/p>\n<!-- AddThis Advanced Settings generic via filter on the_content --><!-- AddThis Share Buttons generic via filter on the_content -->","protected":false},"excerpt":{"rendered":"<p>Vaya por delante que no estoy de acuerdo con la Ley de la Memoria Hist\u00f3rica. Me parece que, a la postre, reabre m\u00e1s heridas que cicatriza. Ahora bien, hay argumentos a la hora de criticarla que no se sostienen. Hay quien, por ejemplo, para oponerse al cambio de los nombres en las calles, invocan a [&hellip;]<!-- AddThis Advanced Settings generic via filter on get_the_excerpt --><!-- AddThis Share Buttons generic via filter on get_the_excerpt --><\/p>\n","protected":false},"author":5,"featured_media":0,"comment_status":"open","ping_status":"closed","sticky":false,"template":"","format":"standard","meta":[],"categories":[2],"tags":[],"_links":{"self":[{"href":"https:\/\/blogs.elcomercio.es\/retorcida-realidad\/wp-json\/wp\/v2\/posts\/62"}],"collection":[{"href":"https:\/\/blogs.elcomercio.es\/retorcida-realidad\/wp-json\/wp\/v2\/posts"}],"about":[{"href":"https:\/\/blogs.elcomercio.es\/retorcida-realidad\/wp-json\/wp\/v2\/types\/post"}],"author":[{"embeddable":true,"href":"https:\/\/blogs.elcomercio.es\/retorcida-realidad\/wp-json\/wp\/v2\/users\/5"}],"replies":[{"embeddable":true,"href":"https:\/\/blogs.elcomercio.es\/retorcida-realidad\/wp-json\/wp\/v2\/comments?post=62"}],"version-history":[{"count":0,"href":"https:\/\/blogs.elcomercio.es\/retorcida-realidad\/wp-json\/wp\/v2\/posts\/62\/revisions"}],"wp:attachment":[{"href":"https:\/\/blogs.elcomercio.es\/retorcida-realidad\/wp-json\/wp\/v2\/media?parent=62"}],"wp:term":[{"taxonomy":"category","embeddable":true,"href":"https:\/\/blogs.elcomercio.es\/retorcida-realidad\/wp-json\/wp\/v2\/categories?post=62"},{"taxonomy":"post_tag","embeddable":true,"href":"https:\/\/blogs.elcomercio.es\/retorcida-realidad\/wp-json\/wp\/v2\/tags?post=62"}],"curies":[{"name":"wp","href":"https:\/\/api.w.org\/{rel}","templated":true}]}}