{"id":68,"date":"2007-12-02T19:23:22","date_gmt":"2007-12-02T19:23:22","guid":{"rendered":"http:\/\/blogs.elcomercio.es\/retorcida-realidad\/?p=68"},"modified":"2007-12-02T19:23:22","modified_gmt":"2007-12-02T19:23:22","slug":"triste-domingo-invierno","status":"publish","type":"post","link":"https:\/\/blogs.elcomercio.es\/retorcida-realidad\/2007\/12\/02\/triste-domingo-invierno\/","title":{"rendered":"Triste domingo de invierno."},"content":{"rendered":"<p><IMG src=\"\/\/blogs.elcomerciodigital.com\/\/retorcida-realidad\/files\/lazo-negro.jpg\" id=\"img_0\" class=\"imgizqda\"><big>Sobre el atentado que cost\u00f3 la vida a un muchacho de 24 a\u00f1os y a otro lo tiene en coma, poco se puede decir. Solamente, pienso, condenarlo y repudiar a sus autores. Ahora bien, de c\u00f3mo se produjo y las reacciones posteriores que se han sucedido, s\u00ed cabe comentar algo. Miren si no.<\/p>\n<p><\/big><big>Uno. <\/big><big>A veces el destino es cruel con las personas. \u00bfQui\u00e9n le iba a decir a los dos guardias civiles que parar a tomar un caf\u00e9 les iba a costar la vida? F\u00edjense que Interior se\u00f1ala que el hecho fue casual, o sea, que se encontraron de frente con sus verdugos y estos, en vez de huir, se dedicaron a asesinarlos. La verdad, penosa coincidencia, aberrante reacci\u00f3n.<\/p>\n<p>Dos. Es de esperar que el Estado franc\u00e9s act\u00fae con contundencia. Un pa\u00eds vecino y socio no puede permitir que unos terroristas, no ya s\u00f3lo campen por su territorio, sino que lo utilicen para perpetrar atentados. Hasta ahora, la respuesta de Francia ha sido impecable, l\u00f3gicamente, con este asesinato, a\u00fan lo ser\u00e1 m\u00e1s. Les recuerdo que uno de sus objetivos es precisamente ocupar esos territorios, el otro, como saben, Navarra.<\/p>\n<p>Tres. La respuesta un\u00e1nime y sin fisuras de todas las fuerzas pol\u00edticas ha sido lo m\u00e1s positivo del fin de semana. No es el momento de discutir, ni de dividirse. El objetivo com\u00fan, derrotar a ETA, es compartido por toda la sociedad. Ya habr\u00e1 tiempo de ver qu\u00e9 se ha hecho mal y qu\u00e9 bien. Por el momento, bien nuestra clase pol\u00edtica.<\/p>\n<p>Y cuatro. Hace unos d\u00edas, a tenor de la construcci\u00f3n el AVE vasco, se pudo saber que la banda terrorista y sus compinches practicaban amenazas continuas contra las empresas y sus trabajadores. Uno de las contratas, asustada por el cariz del asunto, decidi\u00f3 retirarse por considerar la situaci\u00f3n insostenible. El hecho -absolutamente habitual en la sociedad vasca- ha llevado a que, cuando algo no les gustaba (ora un trazado, ora una infraestructura cualquiera), acababan por amenazar y amedrentar a quienes se les pon\u00edan por delante (la central de Lem\u00f3niz o alguna que otra la autov\u00eda son algunos ejemplos). Como pueden ver el cambio que pretenden estos iluminados, no s\u00f3lo es pol\u00edtico, sino que tambi\u00e9n afecta hasta una simple l\u00ednea de tren. La \u00faltima banda terrorista de Europa es as\u00ed: s\u00e1dica en sus formas, perversa en sus intenciones hacia la sociedad que dice proteger.<\/big><\/p>\n<!-- AddThis Advanced Settings generic via filter on the_content --><!-- AddThis Share Buttons generic via filter on the_content -->","protected":false},"excerpt":{"rendered":"<p>Sobre el atentado que cost\u00f3 la vida a un muchacho de 24 a\u00f1os y a otro lo tiene en coma, poco se puede decir. Solamente, pienso, condenarlo y repudiar a sus autores. Ahora bien, de c\u00f3mo se produjo y las reacciones posteriores que se han sucedido, s\u00ed cabe comentar algo. Miren si no. Uno. A [&hellip;]<!-- AddThis Advanced Settings generic via filter on get_the_excerpt --><!-- AddThis Share Buttons generic via filter on get_the_excerpt --><\/p>\n","protected":false},"author":5,"featured_media":0,"comment_status":"open","ping_status":"closed","sticky":false,"template":"","format":"standard","meta":[],"categories":[2],"tags":[],"_links":{"self":[{"href":"https:\/\/blogs.elcomercio.es\/retorcida-realidad\/wp-json\/wp\/v2\/posts\/68"}],"collection":[{"href":"https:\/\/blogs.elcomercio.es\/retorcida-realidad\/wp-json\/wp\/v2\/posts"}],"about":[{"href":"https:\/\/blogs.elcomercio.es\/retorcida-realidad\/wp-json\/wp\/v2\/types\/post"}],"author":[{"embeddable":true,"href":"https:\/\/blogs.elcomercio.es\/retorcida-realidad\/wp-json\/wp\/v2\/users\/5"}],"replies":[{"embeddable":true,"href":"https:\/\/blogs.elcomercio.es\/retorcida-realidad\/wp-json\/wp\/v2\/comments?post=68"}],"version-history":[{"count":0,"href":"https:\/\/blogs.elcomercio.es\/retorcida-realidad\/wp-json\/wp\/v2\/posts\/68\/revisions"}],"wp:attachment":[{"href":"https:\/\/blogs.elcomercio.es\/retorcida-realidad\/wp-json\/wp\/v2\/media?parent=68"}],"wp:term":[{"taxonomy":"category","embeddable":true,"href":"https:\/\/blogs.elcomercio.es\/retorcida-realidad\/wp-json\/wp\/v2\/categories?post=68"},{"taxonomy":"post_tag","embeddable":true,"href":"https:\/\/blogs.elcomercio.es\/retorcida-realidad\/wp-json\/wp\/v2\/tags?post=68"}],"curies":[{"name":"wp","href":"https:\/\/api.w.org\/{rel}","templated":true}]}}