{"id":69,"date":"2007-12-04T11:33:07","date_gmt":"2007-12-04T11:33:07","guid":{"rendered":"http:\/\/blogs.elcomercio.es\/retorcida-realidad\/?p=69"},"modified":"2007-12-04T11:33:07","modified_gmt":"2007-12-04T11:33:07","slug":"un-cumulo-ausencias","status":"publish","type":"post","link":"https:\/\/blogs.elcomercio.es\/retorcida-realidad\/2007\/12\/04\/un-cumulo-ausencias\/","title":{"rendered":"Un c\u00famulo de ausencias."},"content":{"rendered":"<p><big>La manifestaci\u00f3n que se producir\u00e1 hoy en Madrid con el lema \u00abPor la libertad, para la derrota de ETA\u00bb, traer\u00e1 cola. S\u00ed, porque tal parece que nadie significativo quiera comprometerse con ella. El Presidente del Gobierno no acudir\u00e1 porque, seg\u00fan su propio partido, nunca ha asistido a ninguna desde que lo es. Ahora bien, por un motivo m\u00e1s que justificado como \u00e9ste, tampoco estar\u00eda de m\u00e1s que rompiese la norma. M\u00e1s bien -y siendo mal pensado- es como si temiese a los silbidos y abucheos de algunos asistentes. Mariano Rajoy, pues, a esta hora, se lo est\u00e1 pensado. S\u00ed parece que se ha desmarcado de la postura de la Asociaci\u00f3n de V\u00edctimas del Terrorismo y eso ya es significativo. A \u00e9sta, a la AVT, sinceramente, no la entiendo en absoluto. Hace unos d\u00edas sal\u00eda en manifestaci\u00f3n para reclamar precisamente la ilegalizaci\u00f3n de ANV y PCTV, junto con la revocaci\u00f3n por el Parlamento del permiso para la negociaci\u00f3n con la banda terrorista. Ahora, quiz\u00e1 m\u00e1s cargados de raz\u00f3n que nunca, dicen que no acudir\u00e1n porque, entre otras cosas, ponen como condici\u00f3n que se pongan en pr\u00e1ctica sus exigencias. En definitiva, parecen seguir cada vez m\u00e1s por la v\u00eda pol\u00edtica como gu\u00eda en sus reivindicaciones. A todo este caos ha contribuido definitivamente las bochornosas im\u00e1genes que ayer se produjeron en algunos consistorios. M\u00e1s que cinco minutos de silencio, la verdad, aquello parec\u00eda cinco minutos de improperios. Y, claro, con semejante paisaje delante de las narices, nadie se atreve a dar la cara por dos j\u00f3venes, recuerden, que perdieron su vida uno y  el otro est\u00e1 en coma por el atentado.<\/big><\/p>\n<!-- AddThis Advanced Settings generic via filter on the_content --><!-- AddThis Share Buttons generic via filter on the_content -->","protected":false},"excerpt":{"rendered":"<p>La manifestaci\u00f3n que se producir\u00e1 hoy en Madrid con el lema \u00abPor la libertad, para la derrota de ETA\u00bb, traer\u00e1 cola. S\u00ed, porque tal parece que nadie significativo quiera comprometerse con ella. El Presidente del Gobierno no acudir\u00e1 porque, seg\u00fan su propio partido, nunca ha asistido a ninguna desde que lo es. Ahora bien, por [&hellip;]<!-- AddThis Advanced Settings generic via filter on get_the_excerpt --><!-- AddThis Share Buttons generic via filter on get_the_excerpt --><\/p>\n","protected":false},"author":5,"featured_media":0,"comment_status":"open","ping_status":"closed","sticky":false,"template":"","format":"standard","meta":[],"categories":[2],"tags":[],"_links":{"self":[{"href":"https:\/\/blogs.elcomercio.es\/retorcida-realidad\/wp-json\/wp\/v2\/posts\/69"}],"collection":[{"href":"https:\/\/blogs.elcomercio.es\/retorcida-realidad\/wp-json\/wp\/v2\/posts"}],"about":[{"href":"https:\/\/blogs.elcomercio.es\/retorcida-realidad\/wp-json\/wp\/v2\/types\/post"}],"author":[{"embeddable":true,"href":"https:\/\/blogs.elcomercio.es\/retorcida-realidad\/wp-json\/wp\/v2\/users\/5"}],"replies":[{"embeddable":true,"href":"https:\/\/blogs.elcomercio.es\/retorcida-realidad\/wp-json\/wp\/v2\/comments?post=69"}],"version-history":[{"count":0,"href":"https:\/\/blogs.elcomercio.es\/retorcida-realidad\/wp-json\/wp\/v2\/posts\/69\/revisions"}],"wp:attachment":[{"href":"https:\/\/blogs.elcomercio.es\/retorcida-realidad\/wp-json\/wp\/v2\/media?parent=69"}],"wp:term":[{"taxonomy":"category","embeddable":true,"href":"https:\/\/blogs.elcomercio.es\/retorcida-realidad\/wp-json\/wp\/v2\/categories?post=69"},{"taxonomy":"post_tag","embeddable":true,"href":"https:\/\/blogs.elcomercio.es\/retorcida-realidad\/wp-json\/wp\/v2\/tags?post=69"}],"curies":[{"name":"wp","href":"https:\/\/api.w.org\/{rel}","templated":true}]}}