{"id":70,"date":"2007-12-05T07:39:57","date_gmt":"2007-12-05T07:39:57","guid":{"rendered":"http:\/\/blogs.elcomercio.es\/retorcida-realidad\/?p=70"},"modified":"2007-12-05T07:39:57","modified_gmt":"2007-12-05T07:39:57","slug":"una-manifestacion-desastrosa","status":"publish","type":"post","link":"https:\/\/blogs.elcomercio.es\/retorcida-realidad\/2007\/12\/05\/una-manifestacion-desastrosa\/","title":{"rendered":"Una manifestaci\u00f3n desastrosa."},"content":{"rendered":"<p><IMG src=\"\/retorcida-realidad\/files\/fotomanifestacion.jpg\" id=\"img_0\" class=\"imgizqda\" height=\"183\" width=\"271\"><big>Ya lo dec\u00edamos ayer: la falta de compromiso de unos y otros ha dejado a la convocatoria completamente hu\u00e9rfana. Ni el Gobierno (el Presidente Zapatero anunci\u00f3 bien a las claras su intenci\u00f3n de no asistir), ni la oposici\u00f3n (Rajoy decidi\u00f3 a \u00faltima hora acudir), ni las asociaciones de v\u00edctimas del terrorismo (AVT y el Foro de Ermua no participaron), ni, por lo visto, la gente normal y corriente (apenas 5.000 personas); apoyaron el acto. A este panorama desolador contribuy\u00f3 tambi\u00e9n, a mi modo de ver, una desastrosa organizaci\u00f3n. En cinco minutos -el tiempo que empleas en quitarte de encima a un conocido- despacharon el asunto. Parec\u00eda, la verdad, como si todo estuviese montado para que, los pol\u00edticos de turno, saliesen en la foto y poco m\u00e1s. Todo lo que debe llevar consigo un acto bien organizado: lemas, calor popular, discursos emotivos.. qued\u00f3 para la pr\u00f3xima convocatoria. Est\u00e1 claro que, a d\u00eda de hoy, lo que mueve a la gente a manifestarse en temas terroristas es el rechazo (por no decir el odio), hacia una determinada pol\u00edtica (la del Gobierno, en concreto). Comparen esta manifestaci\u00f3n con la \u00faltima (y no fue de las mayores) de la AVT, y ver\u00e1n la diferencia. La calle, parece, ya no es s\u00f3lo de la izquierda. En fin, tendremos que esperar hasta la pr\u00f3xima para ver de verdad la unidad que tanto se pide. Una pena.<\/big><\/p>\n<!-- AddThis Advanced Settings generic via filter on the_content --><!-- AddThis Share Buttons generic via filter on the_content -->","protected":false},"excerpt":{"rendered":"<p>Ya lo dec\u00edamos ayer: la falta de compromiso de unos y otros ha dejado a la convocatoria completamente hu\u00e9rfana. Ni el Gobierno (el Presidente Zapatero anunci\u00f3 bien a las claras su intenci\u00f3n de no asistir), ni la oposici\u00f3n (Rajoy decidi\u00f3 a \u00faltima hora acudir), ni las asociaciones de v\u00edctimas del terrorismo (AVT y el Foro [&hellip;]<!-- AddThis Advanced Settings generic via filter on get_the_excerpt --><!-- AddThis Share Buttons generic via filter on get_the_excerpt --><\/p>\n","protected":false},"author":5,"featured_media":0,"comment_status":"open","ping_status":"closed","sticky":false,"template":"","format":"standard","meta":[],"categories":[2],"tags":[],"_links":{"self":[{"href":"https:\/\/blogs.elcomercio.es\/retorcida-realidad\/wp-json\/wp\/v2\/posts\/70"}],"collection":[{"href":"https:\/\/blogs.elcomercio.es\/retorcida-realidad\/wp-json\/wp\/v2\/posts"}],"about":[{"href":"https:\/\/blogs.elcomercio.es\/retorcida-realidad\/wp-json\/wp\/v2\/types\/post"}],"author":[{"embeddable":true,"href":"https:\/\/blogs.elcomercio.es\/retorcida-realidad\/wp-json\/wp\/v2\/users\/5"}],"replies":[{"embeddable":true,"href":"https:\/\/blogs.elcomercio.es\/retorcida-realidad\/wp-json\/wp\/v2\/comments?post=70"}],"version-history":[{"count":0,"href":"https:\/\/blogs.elcomercio.es\/retorcida-realidad\/wp-json\/wp\/v2\/posts\/70\/revisions"}],"wp:attachment":[{"href":"https:\/\/blogs.elcomercio.es\/retorcida-realidad\/wp-json\/wp\/v2\/media?parent=70"}],"wp:term":[{"taxonomy":"category","embeddable":true,"href":"https:\/\/blogs.elcomercio.es\/retorcida-realidad\/wp-json\/wp\/v2\/categories?post=70"},{"taxonomy":"post_tag","embeddable":true,"href":"https:\/\/blogs.elcomercio.es\/retorcida-realidad\/wp-json\/wp\/v2\/tags?post=70"}],"curies":[{"name":"wp","href":"https:\/\/api.w.org\/{rel}","templated":true}]}}