{"id":7149,"date":"2022-12-01T07:56:48","date_gmt":"2022-12-01T06:56:48","guid":{"rendered":"https:\/\/blogs.elcomercio.es\/retorcida-realidad\/?p=7149"},"modified":"2022-12-01T07:57:00","modified_gmt":"2022-12-01T06:57:00","slug":"un-sabor-agridulce","status":"publish","type":"post","link":"https:\/\/blogs.elcomercio.es\/retorcida-realidad\/2022\/12\/01\/un-sabor-agridulce\/","title":{"rendered":"Un sabor agridulce."},"content":{"rendered":"<p><a href=\"https:\/\/static-blogs.elcomercio.es\/wp-content\/uploads\/sites\/4\/2022\/12\/canga-kFY-648x400@El-Comercio.jpg\"><img loading=\"lazy\" class=\"size-medium wp-image-7150 alignleft\" src=\"https:\/\/static-blogs.elcomercio.es\/wp-content\/uploads\/sites\/4\/2022\/12\/canga-kFY-648x400@El-Comercio-300x186.jpg\" alt=\"\" width=\"300\" height=\"186\" srcset=\"https:\/\/static-blogs.elcomercio.es\/wp-content\/uploads\/sites\/4\/2022\/12\/canga-kFY-648x400@El-Comercio-300x186.jpg 300w, https:\/\/static-blogs.elcomercio.es\/wp-content\/uploads\/sites\/4\/2022\/12\/canga-kFY-648x400@El-Comercio.jpg 648w\" sizes=\"(max-width: 300px) 100vw, 300px\" \/><\/a>Por un lado, entiendo que afiliados y simpatizantes del centro-derecha asturiano est\u00e9n contentos. La elecci\u00f3n de <em>Diego Canga c<\/em>omo cabeza de lista del PP en los pr\u00f3ximos comicios auton\u00f3micos tiene sus ventajas. Entre otras, la de situar al frente de la candidatura a una persona muy preparada y alejada de las luchas intestinas que suelen asolar esta formaci\u00f3n. La hoja de servicios de Canga como alto funcionario de la Uni\u00f3n Europea no deja lugar a dudas. Su vinculaci\u00f3n con nuestro para\u00edso natural -a trav\u00e9s de la asociaci\u00f3n Compromiso Asturias, adem\u00e1s de haber formado parte del comit\u00e9 asesor de <em>Javier Fern\u00e1ndez<\/em>&#8211; tampoco. <strong>Eso s\u00ed, queda por conocer su dimensi\u00f3n pol\u00edtica real.<\/strong> Esto es, c\u00f3mo se mover\u00e1 en las turbulentas aguas de la lucha entre partidos. <strong>Dicho de otra forma: habr\u00e1 que ver su capacidad de conexi\u00f3n con electorado.<\/strong> Al cual, por cierto, esto de ser un t\u00e9cnico brillante le suele dar bastante igual, puesto que su voto se forma de muchas maneras. <strong>De hecho, el buen pol\u00edtico se diferencia de un tecn\u00f3crata en su capacidad para seducir al votante. Si fuese tan sencillo, o sea, poner al frente del Ejecutivo al que mejor nota o curr\u00edculum tenga, convocar\u00edamos unas oposiciones.<\/strong> No tendr\u00edamos ni que acudir a las urnas.<\/p>\n<p><a href=\"https:\/\/static-blogs.elcomercio.es\/wp-content\/uploads\/sites\/4\/2022\/12\/78602532-U120316758037zuF-U180899520244JXD-624x400@El-Comercio-ElComercio.jpg\"><img loading=\"lazy\" class=\"size-medium wp-image-7151 alignleft\" src=\"https:\/\/static-blogs.elcomercio.es\/wp-content\/uploads\/sites\/4\/2022\/12\/78602532-U120316758037zuF-U180899520244JXD-624x400@El-Comercio-ElComercio-300x192.jpg\" alt=\"\" width=\"300\" height=\"192\" srcset=\"https:\/\/static-blogs.elcomercio.es\/wp-content\/uploads\/sites\/4\/2022\/12\/78602532-U120316758037zuF-U180899520244JXD-624x400@El-Comercio-ElComercio-300x192.jpg 300w, https:\/\/static-blogs.elcomercio.es\/wp-content\/uploads\/sites\/4\/2022\/12\/78602532-U120316758037zuF-U180899520244JXD-624x400@El-Comercio-ElComercio.jpg 624w\" sizes=\"(max-width: 300px) 100vw, 300px\" \/><\/a>Pero por otro, entiendo tambi\u00e9n que debe de ser duro ver como nombran al candidato asturiano desde Madrid. Es decir, tener que enterarse por EL COMERCIO de qui\u00e9n les va a representar en mayo de 2023. <strong>Sin ning\u00fan tipo de primarias o un congreso que guarde las formas.<\/strong> G\u00e9nova lo nombra digitalmente seg\u00fan su criterio y la sucursal asturiana a secundarlo a ciegas. Ya saben, el que se mueve no sale en la foto. <strong>Sin embargo, como digo, el afiliado de base deber\u00eda preguntarse cu\u00e1l es su papel dentro de la organizaci\u00f3n.<\/strong> F\u00edjense que uno de los obst\u00e1culos que tienen los populares para llegar al poder est\u00e1 en la estructura. Comp\u00e1renla con la implantaci\u00f3n territorial que tiene el PSOE en Asturias y ver\u00e1n que existe mucha diferencia. Pregunto, \u00bfc\u00f3mo va a crecer el PP si la militancia no participa en nada? \u00bfC\u00f3mo quiere que los candidatos tengan el refrendo de los ciudadanos si no lo tienen ni en su propio partido? \u00bfAcaso solo conf\u00edan en el tir\u00f3n nacional de Alberto N\u00fa\u00f1ez Feij\u00f3o? <strong>Entiendo, digo, que muchos simpatizantes tengan una mezcla de sensaciones que se incrementar\u00e1 con la elecci\u00f3n de las candidaturas municipales.<\/strong> Por supuesto, tambi\u00e9n a dedo. En definitiva, un sabor a todas luces agridulce.<\/p>\n<p><em><strong>@balbuenajm<\/strong><\/em><\/p>\n<!-- AddThis Advanced Settings generic via filter on the_content --><!-- AddThis Share Buttons generic via filter on the_content -->","protected":false},"excerpt":{"rendered":"<p>Por un lado, entiendo que afiliados y simpatizantes del centro-derecha asturiano est\u00e9n contentos. La elecci\u00f3n de Diego Canga como cabeza de lista del PP en los pr\u00f3ximos comicios auton\u00f3micos tiene sus ventajas. Entre otras, la de situar al frente de la candidatura a una persona muy preparada y alejada de las luchas intestinas que suelen [&hellip;]<!-- AddThis Advanced Settings generic via filter on get_the_excerpt --><!-- AddThis Share Buttons generic via filter on get_the_excerpt --><\/p>\n","protected":false},"author":5,"featured_media":0,"comment_status":"open","ping_status":"open","sticky":false,"template":"","format":"standard","meta":[],"categories":[1],"tags":[5,1243,1233,114,23,519],"_links":{"self":[{"href":"https:\/\/blogs.elcomercio.es\/retorcida-realidad\/wp-json\/wp\/v2\/posts\/7149"}],"collection":[{"href":"https:\/\/blogs.elcomercio.es\/retorcida-realidad\/wp-json\/wp\/v2\/posts"}],"about":[{"href":"https:\/\/blogs.elcomercio.es\/retorcida-realidad\/wp-json\/wp\/v2\/types\/post"}],"author":[{"embeddable":true,"href":"https:\/\/blogs.elcomercio.es\/retorcida-realidad\/wp-json\/wp\/v2\/users\/5"}],"replies":[{"embeddable":true,"href":"https:\/\/blogs.elcomercio.es\/retorcida-realidad\/wp-json\/wp\/v2\/comments?post=7149"}],"version-history":[{"count":1,"href":"https:\/\/blogs.elcomercio.es\/retorcida-realidad\/wp-json\/wp\/v2\/posts\/7149\/revisions"}],"predecessor-version":[{"id":7152,"href":"https:\/\/blogs.elcomercio.es\/retorcida-realidad\/wp-json\/wp\/v2\/posts\/7149\/revisions\/7152"}],"wp:attachment":[{"href":"https:\/\/blogs.elcomercio.es\/retorcida-realidad\/wp-json\/wp\/v2\/media?parent=7149"}],"wp:term":[{"taxonomy":"category","embeddable":true,"href":"https:\/\/blogs.elcomercio.es\/retorcida-realidad\/wp-json\/wp\/v2\/categories?post=7149"},{"taxonomy":"post_tag","embeddable":true,"href":"https:\/\/blogs.elcomercio.es\/retorcida-realidad\/wp-json\/wp\/v2\/tags?post=7149"}],"curies":[{"name":"wp","href":"https:\/\/api.w.org\/{rel}","templated":true}]}}