{"id":7154,"date":"2022-12-03T10:18:19","date_gmt":"2022-12-03T09:18:19","guid":{"rendered":"https:\/\/blogs.elcomercio.es\/retorcida-realidad\/?p=7154"},"modified":"2022-12-03T11:31:21","modified_gmt":"2022-12-03T10:31:21","slug":"el-arbol-caido","status":"publish","type":"post","link":"https:\/\/blogs.elcomercio.es\/retorcida-realidad\/2022\/12\/03\/el-arbol-caido\/","title":{"rendered":"El \u00e1rbol ca\u00eddo."},"content":{"rendered":"<p><a href=\"https:\/\/static-blogs.elcomercio.es\/wp-content\/uploads\/sites\/4\/2022\/12\/ana.jpg\"><img loading=\"lazy\" class=\"size-medium wp-image-7155 alignleft\" src=\"https:\/\/static-blogs.elcomercio.es\/wp-content\/uploads\/sites\/4\/2022\/12\/ana-300x297.jpg\" alt=\"\" width=\"300\" height=\"297\" srcset=\"https:\/\/static-blogs.elcomercio.es\/wp-content\/uploads\/sites\/4\/2022\/12\/ana-300x297.jpg 300w, https:\/\/static-blogs.elcomercio.es\/wp-content\/uploads\/sites\/4\/2022\/12\/ana-150x150.jpg 150w, https:\/\/static-blogs.elcomercio.es\/wp-content\/uploads\/sites\/4\/2022\/12\/ana-768x759.jpg 768w, https:\/\/static-blogs.elcomercio.es\/wp-content\/uploads\/sites\/4\/2022\/12\/ana-1024x1012.jpg 1024w, https:\/\/static-blogs.elcomercio.es\/wp-content\/uploads\/sites\/4\/2022\/12\/ana.jpg 1334w\" sizes=\"(max-width: 300px) 100vw, 300px\" \/><\/a>En el debate sobre estado del municipio destac\u00f3 la intervenci\u00f3n de nuestra alcaldesa, <em>Ana Gonz\u00e1lez<\/em>. Ojo, no por la defensa de su gobierno como hubiese sido lo normal, sino por la situaci\u00f3n que vive tras ser apartada de la reelecci\u00f3n por su propio partido. Fue un alegato duro que incluy\u00f3 una reflexi\u00f3n sobre la situaci\u00f3n que vive la pol\u00edtica en general. <em>\u00abAfanada\u00bb<\/em>, dijo, <em>\u00aben luchas internas y conspiraciones\u00bb.<\/em> La verdad, ninguna novedad. <strong>Exactamente lo mismo que desde los tiempos de la antigua Roma y as\u00ed seguir\u00e1.<\/strong> Tambi\u00e9n dijo que hab\u00eda sido v\u00edctima de <em>\u00abmontajes, difamaciones y bulos que emplean como argumento el aspecto f\u00edsico o el lugar de nacimiento\u00bb<\/em>. Pues bien, al amable lector de esta columna no se les escapa que hemos sido cr\u00edticos con su gesti\u00f3n. <strong>Eso s\u00ed, jam\u00e1s le echamos en cara que no hubiese nacido en Gij\u00f3n, puesto que esto ser\u00e1 algo habitual en muy pocas legislaturas.<\/strong> Es decir, alg\u00fan d\u00eda tendremos un alcalde o alcaldesa nacido en Tombuct\u00fa. Oigan, y no pasa nada. El declive demogr\u00e1fico y la migraci\u00f3n har\u00e1n que nuestro futuro primer edil no tenga por qu\u00e9 haber nacido en El Llano. En Londres, sin ir m\u00e1s lejos, llevan 6 a\u00f1os con uno de origen pakistan\u00ed y est\u00e1n encantados. Igual que sucede en otras muchas ciudades europeas. Por tanto, no creo que eso haya sido el principal motivo de su ca\u00edda en desgracia. Tampoco su aspecto f\u00edsico, puesto que no se trata de qui\u00e9n es el alcalde o alcaldesa m\u00e1s guapo. Que yo sepa, nunca tuvimos ning\u00fan modelo de belleza. <strong>Sinceramente, creo que desde un primer momento <em>Ana Gonz\u00e1lez<\/em> no entendi\u00f3 Gij\u00f3n.<\/strong> O sea, nuestros s\u00edmbolos, costumbres y lo que realmente nos importa. Intervenciones a las bravas como en El Muro y una pol\u00edtica de movilidad descontrolada tuvieron m\u00e1s que ver. <strong>Eso de \u00abesto lo cambio yo y ya os acostumbrareis\u00bb es una mala forma de hacer las cosas.<\/strong> <strong>He aqu\u00ed, pues, la historia de un \u00e1rbol ca\u00eddo, talado por quien lo plant\u00f3.<\/strong><\/p>\n<p><em><strong>@balbuenajm<\/strong><\/em><\/p>\n<!-- AddThis Advanced Settings generic via filter on the_content --><!-- AddThis Share Buttons generic via filter on the_content -->","protected":false},"excerpt":{"rendered":"<p>En el debate sobre estado del municipio destac\u00f3 la intervenci\u00f3n de nuestra alcaldesa, Ana Gonz\u00e1lez. Ojo, no por la defensa de su gobierno como hubiese sido lo normal, sino por la situaci\u00f3n que vive tras ser apartada de la reelecci\u00f3n por su propio partido. Fue un alegato duro que incluy\u00f3 una reflexi\u00f3n sobre la situaci\u00f3n [&hellip;]<!-- AddThis Advanced Settings generic via filter on get_the_excerpt --><!-- AddThis Share Buttons generic via filter on get_the_excerpt --><\/p>\n","protected":false},"author":5,"featured_media":0,"comment_status":"open","ping_status":"open","sticky":false,"template":"","format":"standard","meta":[],"categories":[1],"tags":[463,312,459,17,764],"_links":{"self":[{"href":"https:\/\/blogs.elcomercio.es\/retorcida-realidad\/wp-json\/wp\/v2\/posts\/7154"}],"collection":[{"href":"https:\/\/blogs.elcomercio.es\/retorcida-realidad\/wp-json\/wp\/v2\/posts"}],"about":[{"href":"https:\/\/blogs.elcomercio.es\/retorcida-realidad\/wp-json\/wp\/v2\/types\/post"}],"author":[{"embeddable":true,"href":"https:\/\/blogs.elcomercio.es\/retorcida-realidad\/wp-json\/wp\/v2\/users\/5"}],"replies":[{"embeddable":true,"href":"https:\/\/blogs.elcomercio.es\/retorcida-realidad\/wp-json\/wp\/v2\/comments?post=7154"}],"version-history":[{"count":3,"href":"https:\/\/blogs.elcomercio.es\/retorcida-realidad\/wp-json\/wp\/v2\/posts\/7154\/revisions"}],"predecessor-version":[{"id":7158,"href":"https:\/\/blogs.elcomercio.es\/retorcida-realidad\/wp-json\/wp\/v2\/posts\/7154\/revisions\/7158"}],"wp:attachment":[{"href":"https:\/\/blogs.elcomercio.es\/retorcida-realidad\/wp-json\/wp\/v2\/media?parent=7154"}],"wp:term":[{"taxonomy":"category","embeddable":true,"href":"https:\/\/blogs.elcomercio.es\/retorcida-realidad\/wp-json\/wp\/v2\/categories?post=7154"},{"taxonomy":"post_tag","embeddable":true,"href":"https:\/\/blogs.elcomercio.es\/retorcida-realidad\/wp-json\/wp\/v2\/tags?post=7154"}],"curies":[{"name":"wp","href":"https:\/\/api.w.org\/{rel}","templated":true}]}}