{"id":7220,"date":"2023-01-17T07:39:31","date_gmt":"2023-01-17T06:39:31","guid":{"rendered":"https:\/\/blogs.elcomercio.es\/retorcida-realidad\/?p=7220"},"modified":"2023-01-17T07:40:36","modified_gmt":"2023-01-17T06:40:36","slug":"fatiga-de-materiales-2","status":"publish","type":"post","link":"https:\/\/blogs.elcomercio.es\/retorcida-realidad\/2023\/01\/17\/fatiga-de-materiales-2\/","title":{"rendered":"Fatiga de materiales."},"content":{"rendered":"<p><a href=\"https:\/\/static-blogs.elcomercio.es\/wp-content\/uploads\/sites\/4\/2023\/01\/79932062-624x415.jpg\"><img loading=\"lazy\" class=\"size-medium wp-image-7221 alignleft\" src=\"https:\/\/static-blogs.elcomercio.es\/wp-content\/uploads\/sites\/4\/2023\/01\/79932062-624x415-300x200.jpg\" alt=\"\" width=\"300\" height=\"200\" srcset=\"https:\/\/static-blogs.elcomercio.es\/wp-content\/uploads\/sites\/4\/2023\/01\/79932062-624x415-300x200.jpg 300w, https:\/\/static-blogs.elcomercio.es\/wp-content\/uploads\/sites\/4\/2023\/01\/79932062-624x415.jpg 624w\" sizes=\"(max-width: 300px) 100vw, 300px\" \/><\/a>Tal parece que la nave del equipo de gobierno municipal va perdiendo piezas. Su entrada en la atm\u00f3sfera electoral hace que se recaliente y vayan saltando pedazos. En abril de 2021 el concejal de Educaci\u00f3n y Cultura, <em>Alberto Ferrao<\/em>, decidi\u00f3 poner rumbo a Oviedo. Fue nombrado coordinador del Servicio de Promoci\u00f3n Cultural del Principado. Por aquel entonces, se interpret\u00f3 como una salida por sus desavenencias con la alcaldesa, <em>Ana Gonz\u00e1lez.<\/em> Luego vino el trozo m\u00e1s grande: las primarias en la agrupaci\u00f3n socialista local y que Gonz\u00e1lez no repitiese como primera edil. Sin duda, un punto de inflexi\u00f3n. <strong>Un golpe muy duro que todav\u00eda se est\u00e1 digiriendo en el Ayuntamiento.<\/strong> De hecho, raro es el d\u00eda donde esto no salga a colaci\u00f3n. Ahora, el concejal de Obras P\u00fablicas, <em>Olmo Ron<\/em>, deja el Consistorio para ponerse al frente de la direcci\u00f3n de Emigraci\u00f3n y Memoria Hist\u00f3rica. <strong>Claramente, un puesto m\u00e1s c\u00f3modo que el actual.<\/strong> Recordemos que Ron se hab\u00eda significado en los \u00faltimos tiempos por ser el edil m\u00e1s activo. El binomio que formaba con <em>Aurelio Mart\u00edn<\/em> le daba mucha presencia. D<strong>igamos que Mart\u00edn dise\u00f1aba esta movilidad enloquecida que hemos padecido, mientras que Ron la ejecutaba sin rechistar.<\/strong> Obras como el \u00abcascayu\u00bb o un absurdo corredor peatonal hacia la playa fueron una muestra.<strong> En su concejal\u00eda deja, pues, aut\u00e9nticos \u00abmarrones\u00bb.<\/strong> Es lo que dicen sus propios compa\u00f1eros que intentan esquivar tener que asumir las competencias. Adem\u00e1s, porque tambi\u00e9n est\u00e1 la patata caliente de Emulsa. Ya saben, el l\u00edo por denuncias de presunto acoso sexual a las trabajadoras. <strong>En resumen, tal parece que el equipo de gobierno se encuentra muy desgastado.<\/strong> Entre otras cosas, porque muchos de sus integrantes saben que no van a repetir en las listas. La nueva direcci\u00f3n del PSOE no parece que vaya a contar con ellos y eso se nota. <strong>Hay una clara fatiga de materiales.<\/strong><\/p>\n<p>Por otro lado, las declaraciones de la alcaldesa suelen ser aut\u00e9nticas pullas. M\u00e1s en concreto, contra la Ejecutiva local que la derrib\u00f3. En cierta manera, las relaciones entre ambas partes son como cuando a Einstein le pidieron que explicara de forma sencilla su teor\u00eda de la relatividad. Dijo:<em> \u00abNo dura lo mismo la media hora que pasamos con la novia que la media hora que pasamos con el dentista\u00bb. <\/em><strong>Pues eso, no dura lo mismo este final de legislatura con <em>Ana Gonz\u00e1lez<\/em> haciendo comentarios punzantes cada vez que tiene ocasi\u00f3n, que si se mantuviese en silencio.<\/strong><\/p>\n<p><em><strong>@balbuenajm<\/strong><\/em><\/p>\n<p>&nbsp;<\/p>\n<!-- AddThis Advanced Settings generic via filter on the_content --><!-- AddThis Share Buttons generic via filter on the_content -->","protected":false},"excerpt":{"rendered":"<p>Tal parece que la nave del equipo de gobierno municipal va perdiendo piezas. Su entrada en la atm\u00f3sfera electoral hace que se recaliente y vayan saltando pedazos. En abril de 2021 el concejal de Educaci\u00f3n y Cultura, Alberto Ferrao, decidi\u00f3 poner rumbo a Oviedo. Fue nombrado coordinador del Servicio de Promoci\u00f3n Cultural del Principado. Por [&hellip;]<!-- AddThis Advanced Settings generic via filter on get_the_excerpt --><!-- AddThis Share Buttons generic via filter on get_the_excerpt --><\/p>\n","protected":false},"author":5,"featured_media":0,"comment_status":"open","ping_status":"open","sticky":false,"template":"","format":"standard","meta":[],"categories":[1],"tags":[463,470,312,936,459,17,1261,1237,23],"_links":{"self":[{"href":"https:\/\/blogs.elcomercio.es\/retorcida-realidad\/wp-json\/wp\/v2\/posts\/7220"}],"collection":[{"href":"https:\/\/blogs.elcomercio.es\/retorcida-realidad\/wp-json\/wp\/v2\/posts"}],"about":[{"href":"https:\/\/blogs.elcomercio.es\/retorcida-realidad\/wp-json\/wp\/v2\/types\/post"}],"author":[{"embeddable":true,"href":"https:\/\/blogs.elcomercio.es\/retorcida-realidad\/wp-json\/wp\/v2\/users\/5"}],"replies":[{"embeddable":true,"href":"https:\/\/blogs.elcomercio.es\/retorcida-realidad\/wp-json\/wp\/v2\/comments?post=7220"}],"version-history":[{"count":1,"href":"https:\/\/blogs.elcomercio.es\/retorcida-realidad\/wp-json\/wp\/v2\/posts\/7220\/revisions"}],"predecessor-version":[{"id":7222,"href":"https:\/\/blogs.elcomercio.es\/retorcida-realidad\/wp-json\/wp\/v2\/posts\/7220\/revisions\/7222"}],"wp:attachment":[{"href":"https:\/\/blogs.elcomercio.es\/retorcida-realidad\/wp-json\/wp\/v2\/media?parent=7220"}],"wp:term":[{"taxonomy":"category","embeddable":true,"href":"https:\/\/blogs.elcomercio.es\/retorcida-realidad\/wp-json\/wp\/v2\/categories?post=7220"},{"taxonomy":"post_tag","embeddable":true,"href":"https:\/\/blogs.elcomercio.es\/retorcida-realidad\/wp-json\/wp\/v2\/tags?post=7220"}],"curies":[{"name":"wp","href":"https:\/\/api.w.org\/{rel}","templated":true}]}}