{"id":7223,"date":"2023-01-21T08:08:10","date_gmt":"2023-01-21T07:08:10","guid":{"rendered":"https:\/\/blogs.elcomercio.es\/retorcida-realidad\/?p=7223"},"modified":"2023-01-21T08:08:35","modified_gmt":"2023-01-21T07:08:35","slug":"el-agora","status":"publish","type":"post","link":"https:\/\/blogs.elcomercio.es\/retorcida-realidad\/2023\/01\/21\/el-agora\/","title":{"rendered":"El \u00e1gora."},"content":{"rendered":"<p><a href=\"https:\/\/static-blogs.elcomercio.es\/wp-content\/uploads\/sites\/4\/2023\/01\/80099492-624x350.jpg\"><img loading=\"lazy\" class=\"size-medium wp-image-7224 alignleft\" src=\"https:\/\/static-blogs.elcomercio.es\/wp-content\/uploads\/sites\/4\/2023\/01\/80099492-624x350-300x168.jpg\" alt=\"\" width=\"300\" height=\"168\" srcset=\"https:\/\/static-blogs.elcomercio.es\/wp-content\/uploads\/sites\/4\/2023\/01\/80099492-624x350-300x168.jpg 300w, https:\/\/static-blogs.elcomercio.es\/wp-content\/uploads\/sites\/4\/2023\/01\/80099492-624x350.jpg 624w\" sizes=\"(max-width: 300px) 100vw, 300px\" \/><\/a>Por lo que sabemos el Ayuntamiento ya ha registrado su solicitud de cara a la obtenci\u00f3n de fondos europeos para la rehabilitaci\u00f3n de la plaza de toros. Eso s\u00ed, mucho m\u00e1s no podemos decir ya que casi todo est\u00e1 por decidir. Esto es, no existe un proyecto que soporte esta petici\u00f3n de financiaci\u00f3n, sino que se espera hacerlo al rev\u00e9s. Es decir, la futura obra tendr\u00e1 que amoldarse a las bases de la convocatoria europea. <strong>O sea, si dicen que financian la adecuaci\u00f3n para una instalaci\u00f3n de un parque acu\u00e1tico en su interior -por poner un ejemplo estridente- igual hasta lo montan.<\/strong> Incluso ni se garantiza que finalmente vaya a ser cubierta, como siempre se dijo con el fin de establecer una programaci\u00f3n cultural m\u00e1s all\u00e1 del verano. Al menos, eso fue lo que nos vendieron cuando se decret\u00f3 su cierre como coso taurino en agosto de 2021. <strong>Es m\u00e1s, la tormenta de ideas sobre el plan de usos de El Bibio promete ser intensa.<\/strong> El director general de Obras P\u00fablicas y Proyectos, <em>Pedro Guerra<\/em>, nos dice que \u00ab<em>Alguno de los objetivos puede que ni a nosotros se nos pase por la cabeza\u00bb<\/em>. <strong>Miedo me da. Suena como cuando se hablaba del edificio hist\u00f3rico de Tabacalera para sede de las charangas de carnaval.<\/strong> En fin, no parece muy maduro eso de saber qu\u00e9 hacer con este Bien de Inter\u00e9s Cultural (BIC). M\u00e1s o menos, lo mismo que sucedi\u00f3 con su seguridad. Al final, despu\u00e9s de dejar la plaza en estado de abandono por hundimientos en su grader\u00eda, resulta que puede ser inc\u00f3moda, pero de ning\u00fan modo peligrosa. Sin duda, a muchos nos gustar\u00eda tener un grado mayor de certeza sobre el futuro que le espera. De hecho, lo \u00fanico que parecen tener claro es que el \u00ab<em>Euro Bibio<\/em>\u00bb (llam\u00e9moslo as\u00ed) no volver\u00e1 a albergar corridas de toros. <strong>Oigan, cumplido aquello de \u00abSe acab\u00f3 la Feria de Bego\u00f1a\u00bb, porque pasar\u00eda a ser un \u00e1gora. El \u00e1gora de \u00abFeminista\u00bb y \u00abNigeriano\u00bb.<\/strong><\/p>\n<p><em><strong>@balbuenajm<\/strong><\/em><\/p>\n<!-- AddThis Advanced Settings generic via filter on the_content --><!-- AddThis Share Buttons generic via filter on the_content -->","protected":false},"excerpt":{"rendered":"<p>Por lo que sabemos el Ayuntamiento ya ha registrado su solicitud de cara a la obtenci\u00f3n de fondos europeos para la rehabilitaci\u00f3n de la plaza de toros. Eso s\u00ed, mucho m\u00e1s no podemos decir ya que casi todo est\u00e1 por decidir. Esto es, no existe un proyecto que soporte esta petici\u00f3n de financiaci\u00f3n, sino que [&hellip;]<!-- AddThis Advanced Settings generic via filter on get_the_excerpt --><!-- AddThis Share Buttons generic via filter on get_the_excerpt --><\/p>\n","protected":false},"author":5,"featured_media":0,"comment_status":"open","ping_status":"open","sticky":false,"template":"","format":"standard","meta":[],"categories":[1],"tags":[312,1127,1126,17,1124,1262],"_links":{"self":[{"href":"https:\/\/blogs.elcomercio.es\/retorcida-realidad\/wp-json\/wp\/v2\/posts\/7223"}],"collection":[{"href":"https:\/\/blogs.elcomercio.es\/retorcida-realidad\/wp-json\/wp\/v2\/posts"}],"about":[{"href":"https:\/\/blogs.elcomercio.es\/retorcida-realidad\/wp-json\/wp\/v2\/types\/post"}],"author":[{"embeddable":true,"href":"https:\/\/blogs.elcomercio.es\/retorcida-realidad\/wp-json\/wp\/v2\/users\/5"}],"replies":[{"embeddable":true,"href":"https:\/\/blogs.elcomercio.es\/retorcida-realidad\/wp-json\/wp\/v2\/comments?post=7223"}],"version-history":[{"count":1,"href":"https:\/\/blogs.elcomercio.es\/retorcida-realidad\/wp-json\/wp\/v2\/posts\/7223\/revisions"}],"predecessor-version":[{"id":7225,"href":"https:\/\/blogs.elcomercio.es\/retorcida-realidad\/wp-json\/wp\/v2\/posts\/7223\/revisions\/7225"}],"wp:attachment":[{"href":"https:\/\/blogs.elcomercio.es\/retorcida-realidad\/wp-json\/wp\/v2\/media?parent=7223"}],"wp:term":[{"taxonomy":"category","embeddable":true,"href":"https:\/\/blogs.elcomercio.es\/retorcida-realidad\/wp-json\/wp\/v2\/categories?post=7223"},{"taxonomy":"post_tag","embeddable":true,"href":"https:\/\/blogs.elcomercio.es\/retorcida-realidad\/wp-json\/wp\/v2\/tags?post=7223"}],"curies":[{"name":"wp","href":"https:\/\/api.w.org\/{rel}","templated":true}]}}