{"id":7240,"date":"2023-02-04T08:01:29","date_gmt":"2023-02-04T07:01:29","guid":{"rendered":"https:\/\/blogs.elcomercio.es\/retorcida-realidad\/?p=7240"},"modified":"2023-02-04T08:02:15","modified_gmt":"2023-02-04T07:02:15","slug":"somos-tremendos","status":"publish","type":"post","link":"https:\/\/blogs.elcomercio.es\/retorcida-realidad\/2023\/02\/04\/somos-tremendos\/","title":{"rendered":"Somos tremendos."},"content":{"rendered":"<p><a href=\"https:\/\/static-blogs.elcomercio.es\/wp-content\/uploads\/sites\/4\/2023\/02\/80460218-624x415.jpg\"><img loading=\"lazy\" class=\"size-medium wp-image-7241 alignleft\" src=\"https:\/\/static-blogs.elcomercio.es\/wp-content\/uploads\/sites\/4\/2023\/02\/80460218-624x415-300x200.jpg\" alt=\"\" width=\"300\" height=\"200\" srcset=\"https:\/\/static-blogs.elcomercio.es\/wp-content\/uploads\/sites\/4\/2023\/02\/80460218-624x415-300x200.jpg 300w, https:\/\/static-blogs.elcomercio.es\/wp-content\/uploads\/sites\/4\/2023\/02\/80460218-624x415.jpg 624w\" sizes=\"(max-width: 300px) 100vw, 300px\" \/><\/a>En 2022 se celebraron los 1.300 a\u00f1os de la batalla de Covadonga. Hecho clave en la historia de Asturias y Espa\u00f1a. Sin embargo, lo que vivimos fue una ola de revisionismo generalizado a todos los niveles. Se puso en duda la existencia de la propia batalla o que fuera de una magnitud relevante. <strong>En fin, \u00bfse imaginan ustedes que en a\u00f1o santo Jacobeo los gallegos pusiesen en cuesti\u00f3n que all\u00ed est\u00e1 enterrado el ap\u00f3stol Santiago? \u00bfA qu\u00e9 no?<\/strong> Pues bien, este revisionismo sin medida, como digo, tambi\u00e9n ha llegado a Gij\u00f3n. Las conclusiones de un art\u00edculo realizado por dos arque\u00f3logos sobre nuestro pasado romano, ha levantado una polvareda de gran magnitud. Entre otras cosas, porque sostiene que este trozo de para\u00edso natural <em>\u00abno fue nunca una ciudad romana\u00bb<\/em>, adem\u00e1s de reclamar que se excluya a la ciudad del corpus de ciudades de Hispania. Dicho de otra forma: todas las excavaciones arqueol\u00f3gicas y labor de recuperaci\u00f3n de nuestra historia durante m\u00e1s de un siglo, no tienen demasiado valor. <strong>El citado estudio las acaba de poner a los pies de los caballos al considerar que nunca hubo una urbe aqu\u00ed.<\/strong> Desde la muralla de Cimavilla, pasando por las termas de Campo Vald\u00e9s y finalizando en la Villa de Veranes. <strong>Seg\u00fan parece, incluso hasta la existencia del puerto la debemos de poner en solfa.<\/strong> El proyecto de Tabacalera Espacio de Cultura Contempor\u00e1nea dedicado en su planta baja a usos muse\u00edsticos, quiz\u00e1 ni siquiera lo deber\u00eda de mencionar, supongo. Oigan, resulta sorprendente. <strong>M\u00e1s que nada, porque semejante ataque pod\u00edamos esperarlo desde el exterior y no en la propia Asturias.<\/strong> Puestos a revisar, repito, tendremos que cambiar hasta la entrada de las enciclopedias. Dice la conocida Wikipedia sobre esta ciudad \u00abDesde su fundaci\u00f3n en \u00e9poca romana\u2026\u00bb. Ahora ya no. <strong>Igual tendremos que a\u00f1adir una nota resaltando que todav\u00eda no sabemos ni c\u00f3mo hemos surgido.<\/strong> Lo dicho: somos tremendos.<\/p>\n<p><em><strong>@balbuenajm<\/strong><\/em><\/p>\n<!-- AddThis Advanced Settings generic via filter on the_content --><!-- AddThis Share Buttons generic via filter on the_content -->","protected":false},"excerpt":{"rendered":"<p>En 2022 se celebraron los 1.300 a\u00f1os de la batalla de Covadonga. Hecho clave en la historia de Asturias y Espa\u00f1a. Sin embargo, lo que vivimos fue una ola de revisionismo generalizado a todos los niveles. Se puso en duda la existencia de la propia batalla o que fuera de una magnitud relevante. En fin, [&hellip;]<!-- AddThis Advanced Settings generic via filter on get_the_excerpt --><!-- AddThis Share Buttons generic via filter on get_the_excerpt --><\/p>\n","protected":false},"author":5,"featured_media":0,"comment_status":"open","ping_status":"open","sticky":false,"template":"","format":"standard","meta":[],"categories":[1],"tags":[1267,312,1269,87,1268,17,1266],"_links":{"self":[{"href":"https:\/\/blogs.elcomercio.es\/retorcida-realidad\/wp-json\/wp\/v2\/posts\/7240"}],"collection":[{"href":"https:\/\/blogs.elcomercio.es\/retorcida-realidad\/wp-json\/wp\/v2\/posts"}],"about":[{"href":"https:\/\/blogs.elcomercio.es\/retorcida-realidad\/wp-json\/wp\/v2\/types\/post"}],"author":[{"embeddable":true,"href":"https:\/\/blogs.elcomercio.es\/retorcida-realidad\/wp-json\/wp\/v2\/users\/5"}],"replies":[{"embeddable":true,"href":"https:\/\/blogs.elcomercio.es\/retorcida-realidad\/wp-json\/wp\/v2\/comments?post=7240"}],"version-history":[{"count":1,"href":"https:\/\/blogs.elcomercio.es\/retorcida-realidad\/wp-json\/wp\/v2\/posts\/7240\/revisions"}],"predecessor-version":[{"id":7242,"href":"https:\/\/blogs.elcomercio.es\/retorcida-realidad\/wp-json\/wp\/v2\/posts\/7240\/revisions\/7242"}],"wp:attachment":[{"href":"https:\/\/blogs.elcomercio.es\/retorcida-realidad\/wp-json\/wp\/v2\/media?parent=7240"}],"wp:term":[{"taxonomy":"category","embeddable":true,"href":"https:\/\/blogs.elcomercio.es\/retorcida-realidad\/wp-json\/wp\/v2\/categories?post=7240"},{"taxonomy":"post_tag","embeddable":true,"href":"https:\/\/blogs.elcomercio.es\/retorcida-realidad\/wp-json\/wp\/v2\/tags?post=7240"}],"curies":[{"name":"wp","href":"https:\/\/api.w.org\/{rel}","templated":true}]}}