{"id":7243,"date":"2023-02-07T07:38:45","date_gmt":"2023-02-07T06:38:45","guid":{"rendered":"https:\/\/blogs.elcomercio.es\/retorcida-realidad\/?p=7243"},"modified":"2023-02-07T07:41:14","modified_gmt":"2023-02-07T06:41:14","slug":"fracaso-otra-vez","status":"publish","type":"post","link":"https:\/\/blogs.elcomercio.es\/retorcida-realidad\/2023\/02\/07\/fracaso-otra-vez\/","title":{"rendered":"Fracaso, otra vez."},"content":{"rendered":"<p><strong><a href=\"https:\/\/static-blogs.elcomercio.es\/wp-content\/uploads\/sites\/4\/2023\/02\/80592874-648x400.jpg\"><img loading=\"lazy\" class=\"size-medium wp-image-7244 alignleft\" src=\"https:\/\/static-blogs.elcomercio.es\/wp-content\/uploads\/sites\/4\/2023\/02\/80592874-648x400-300x183.jpg\" alt=\"\" width=\"300\" height=\"183\" srcset=\"https:\/\/static-blogs.elcomercio.es\/wp-content\/uploads\/sites\/4\/2023\/02\/80592874-648x400-300x183.jpg 300w, https:\/\/static-blogs.elcomercio.es\/wp-content\/uploads\/sites\/4\/2023\/02\/80592874-648x400.jpg 648w\" sizes=\"(max-width: 300px) 100vw, 300px\" \/><\/a>He aqu\u00ed el ep\u00edlogo a una pol\u00edtica de movilidad enloquecida.<\/strong> De nuevo la Justicia ha tumbado uno de los planes del Ayuntamiento, en este caso, la Ordenanza de Movilidad Sostenible aprobada en mayo de 2021. El Tribunal Superior de Justicia de Asturias (TSJA) ha declarado su nulidad ante la falta de memoria econ\u00f3mica. Es decir, no ha tenido en cuenta las repercusiones que para el ciudadano conlleva su entrada en vigor. De hecho, dice que por su gran cantidad de prohibiciones la propia ordenanza admite que \u201cVa a suponer en algunos supuestos la necesidad de cambiar el veh\u00edculo\u201d. Recuerden que dicha normativa no permite aparcar a los coches sin etiqueta medioambiental en zona ORA, adem\u00e1s de tener la obligaci\u00f3n de exhibir la pegatina en todo el concejo. El Ayuntamiento deber\u00e1 devolver el importe de las multas que haya impuesto, si bien es cierto que no se estaba sancionando. <strong>Llueve sobre mojado y se pone en solfa ese nuevo modelo de ciudad del que tanto presum\u00edan desde instancias municipales. Una especie de tierra prometida que no acaba de hacerse realidad, puesto que encuentra en su camino continuos varapalos judiciales<\/strong>. Primero fue el \u201c<em>Cascayu<\/em>\u201d que pasar\u00e1 a la historia como un intento chapucero de peatonalizaci\u00f3n de El Muro y por la puerta de atr\u00e1s. Luego el plan de renaturalizaci\u00f3n del Piles ante un recurso del Grupo Cultura Covadonga, en defensa de su secci\u00f3n de pirag\u00fcismo.<strong> Y queda por saber si el Plan de Movilidad, actualmente en tramitaci\u00f3n, correr\u00e1 la misma suerte.<\/strong> Esto es, si acabaremos viendo como lo derriban los tribunales, para escarnio de la concejal\u00eda del ramo. Por otra parte, algo bastante probable viendo como ataca de ra\u00edz esta sentencia a los pilares de esta movilidad enloquecida, repito, que hemos padecido. <strong>O sea, a que se expulse al veh\u00edculo particular de la ciudad sin mayores concesiones, a las bravas y con un sesgo ideol\u00f3gico evidente.<\/strong> De momento, tendremos que quedarnos con que una sensaci\u00f3n de fracaso invade el equipo de gobierno municipal, otra vez.<\/p>\n<p><em><strong>@balbuenajm<\/strong><\/em><\/p>\n<!-- AddThis Advanced Settings generic via filter on the_content --><!-- AddThis Share Buttons generic via filter on the_content -->","protected":false},"excerpt":{"rendered":"<p>He aqu\u00ed el ep\u00edlogo a una pol\u00edtica de movilidad enloquecida. De nuevo la Justicia ha tumbado uno de los planes del Ayuntamiento, en este caso, la Ordenanza de Movilidad Sostenible aprobada en mayo de 2021. El Tribunal Superior de Justicia de Asturias (TSJA) ha declarado su nulidad ante la falta de memoria econ\u00f3mica. Es decir, [&hellip;]<!-- AddThis Advanced Settings generic via filter on get_the_excerpt --><!-- AddThis Share Buttons generic via filter on get_the_excerpt --><\/p>\n","protected":false},"author":5,"featured_media":0,"comment_status":"open","ping_status":"open","sticky":false,"template":"","format":"standard","meta":[],"categories":[1],"tags":[312,459,17,1022,69],"_links":{"self":[{"href":"https:\/\/blogs.elcomercio.es\/retorcida-realidad\/wp-json\/wp\/v2\/posts\/7243"}],"collection":[{"href":"https:\/\/blogs.elcomercio.es\/retorcida-realidad\/wp-json\/wp\/v2\/posts"}],"about":[{"href":"https:\/\/blogs.elcomercio.es\/retorcida-realidad\/wp-json\/wp\/v2\/types\/post"}],"author":[{"embeddable":true,"href":"https:\/\/blogs.elcomercio.es\/retorcida-realidad\/wp-json\/wp\/v2\/users\/5"}],"replies":[{"embeddable":true,"href":"https:\/\/blogs.elcomercio.es\/retorcida-realidad\/wp-json\/wp\/v2\/comments?post=7243"}],"version-history":[{"count":2,"href":"https:\/\/blogs.elcomercio.es\/retorcida-realidad\/wp-json\/wp\/v2\/posts\/7243\/revisions"}],"predecessor-version":[{"id":7246,"href":"https:\/\/blogs.elcomercio.es\/retorcida-realidad\/wp-json\/wp\/v2\/posts\/7243\/revisions\/7246"}],"wp:attachment":[{"href":"https:\/\/blogs.elcomercio.es\/retorcida-realidad\/wp-json\/wp\/v2\/media?parent=7243"}],"wp:term":[{"taxonomy":"category","embeddable":true,"href":"https:\/\/blogs.elcomercio.es\/retorcida-realidad\/wp-json\/wp\/v2\/categories?post=7243"},{"taxonomy":"post_tag","embeddable":true,"href":"https:\/\/blogs.elcomercio.es\/retorcida-realidad\/wp-json\/wp\/v2\/tags?post=7243"}],"curies":[{"name":"wp","href":"https:\/\/api.w.org\/{rel}","templated":true}]}}