{"id":7251,"date":"2023-02-14T06:51:10","date_gmt":"2023-02-14T05:51:10","guid":{"rendered":"https:\/\/blogs.elcomercio.es\/retorcida-realidad\/?p=7251"},"modified":"2023-02-14T06:52:12","modified_gmt":"2023-02-14T05:52:12","slug":"manifiestamente-mejorable","status":"publish","type":"post","link":"https:\/\/blogs.elcomercio.es\/retorcida-realidad\/2023\/02\/14\/manifiestamente-mejorable\/","title":{"rendered":"Manifiestamente mejorable."},"content":{"rendered":"<p><a href=\"https:\/\/static-blogs.elcomercio.es\/wp-content\/uploads\/sites\/4\/2023\/02\/80749770-624x415.jpg\"><img loading=\"lazy\" class=\"size-medium wp-image-7252 alignleft\" src=\"https:\/\/static-blogs.elcomercio.es\/wp-content\/uploads\/sites\/4\/2023\/02\/80749770-624x415-300x200.jpg\" alt=\"\" width=\"300\" height=\"200\" srcset=\"https:\/\/static-blogs.elcomercio.es\/wp-content\/uploads\/sites\/4\/2023\/02\/80749770-624x415-300x200.jpg 300w, https:\/\/static-blogs.elcomercio.es\/wp-content\/uploads\/sites\/4\/2023\/02\/80749770-624x415.jpg 624w\" sizes=\"(max-width: 300px) 100vw, 300px\" \/><\/a>Sigue sorprendiendo el m\u00e9todo que utiliza el PP asturiano para elegir a sus candidatos. <strong>M\u00e1s que nada, porque las decisiones siempre permanecen alejadas de sus militantes, votantes o simpatizantes<\/strong>. Fue el caso en Asturias donde, desde Madrid y v\u00eda Bruselas, se present\u00f3 una opci\u00f3n de importaci\u00f3n en la persona del alto funcionario europeo, <em>Diego Canga<\/em>. En Gij\u00f3n, hace casi cuatro a\u00f1os, las cosas fueron a\u00fan peores. O<strong>ptaron por el producto for\u00e1neo con id\u00e9ntica argumentaci\u00f3n: sabe mucho, es muy listo y un gran gestor p\u00fablico.<\/strong> En definitiva, que el curr\u00edculum gijon\u00e9s de <em>Alberto L\u00f3pez Asenjo<\/em> era que ven\u00eda a pasar los veranos. Como resultado, el PP repiti\u00f3 en la ciudad 3 ediles y, adem\u00e1s, la cosa sali\u00f3 rana. L\u00f3pez Asenjo se pele\u00f3 con el partido, abandon\u00f3 el grupo municipal y pas\u00f3 a ser concejal no adscrito. Es m\u00e1s, desde septiembre de 2021 anda flotando por el Ayuntamiento.<\/p>\n<p>Ahora, parece que se vuelve a tropezar con la misma piedra, con el sistema de elecci\u00f3n. No lo digo yo, sino que candidatos como el empresario, <em>Germ\u00e1n Heredia<\/em>, lo han advertido tras calificar el proceso de <em>\u00abmanifiestamente mejorable\u00bb<\/em>. <strong>Mientras otros partidos bullen con sus primarias o convocan congresos, en los populares contin\u00faa instalado el mecanismo perverso de que todo se decida de espaldas a los afiliados.<\/strong> Digo m\u00e1s, lo que resolvi\u00f3 el comit\u00e9 electoral gijon\u00e9s ten\u00eda el valor de un euro de plomo. En Oviedo ya hab\u00edan decidido que la actual portavoz municipal,<em> \u00c1ngela Pumariega<\/em>, iba a encabezar la lista. Tanto el secretario general, <em>\u00c1lvaro Queipo<\/em>, como el propio candidato auton\u00f3mico, no necesitaban para nada al comit\u00e9. Entonces, \u00bfpara qu\u00e9 se constituy\u00f3? En realidad, para cubrir el expediente. <strong>Dar la imagen de que existe un sistema formal, cuando en realidad no es as\u00ed.<\/strong> Se entrega el poder a alguien que muchas veces no es ni militante, en aras a buscar una tabla de salvaci\u00f3n. <strong>Simplemente, por una sencilla raz\u00f3n: las continuas peleas, resultados paup\u00e9rrimos y ambiente interno han dejado a la estructura gijonesa en chasis.<\/strong> Pr\u00e1cticamente, con lo justo para llegar a las elecciones. El otrora PP de <em>Pilar Fern\u00e1ndez Pardo<\/em> que roz\u00f3 el poder, pas\u00f3 hace tiempo a mayor gloria. Lo que queda son los restos de aquel naufragio y, encima, con problemas. <strong>No s\u00e9, pero la reflexi\u00f3n que deber\u00edan hacer los populares es por qu\u00e9, pese a que otros partidos de centro-derecha han ido perdiendo fuerza, esos votos nunca vuelven.<\/strong><\/p>\n<p><em><strong>@balbuenajm<\/strong><\/em><\/p>\n<!-- AddThis Advanced Settings generic via filter on the_content --><!-- AddThis Share Buttons generic via filter on the_content -->","protected":false},"excerpt":{"rendered":"<p>Sigue sorprendiendo el m\u00e9todo que utiliza el PP asturiano para elegir a sus candidatos. M\u00e1s que nada, porque las decisiones siempre permanecen alejadas de sus militantes, votantes o simpatizantes. Fue el caso en Asturias donde, desde Madrid y v\u00eda Bruselas, se present\u00f3 una opci\u00f3n de importaci\u00f3n en la persona del alto funcionario europeo, Diego Canga. [&hellip;]<!-- AddThis Advanced Settings generic via filter on get_the_excerpt --><!-- AddThis Share Buttons generic via filter on get_the_excerpt --><\/p>\n","protected":false},"author":5,"featured_media":0,"comment_status":"open","ping_status":"open","sticky":false,"template":"","format":"standard","meta":[],"categories":[1],"tags":[625,312,1243,17,1270,114,1271,1272],"_links":{"self":[{"href":"https:\/\/blogs.elcomercio.es\/retorcida-realidad\/wp-json\/wp\/v2\/posts\/7251"}],"collection":[{"href":"https:\/\/blogs.elcomercio.es\/retorcida-realidad\/wp-json\/wp\/v2\/posts"}],"about":[{"href":"https:\/\/blogs.elcomercio.es\/retorcida-realidad\/wp-json\/wp\/v2\/types\/post"}],"author":[{"embeddable":true,"href":"https:\/\/blogs.elcomercio.es\/retorcida-realidad\/wp-json\/wp\/v2\/users\/5"}],"replies":[{"embeddable":true,"href":"https:\/\/blogs.elcomercio.es\/retorcida-realidad\/wp-json\/wp\/v2\/comments?post=7251"}],"version-history":[{"count":1,"href":"https:\/\/blogs.elcomercio.es\/retorcida-realidad\/wp-json\/wp\/v2\/posts\/7251\/revisions"}],"predecessor-version":[{"id":7253,"href":"https:\/\/blogs.elcomercio.es\/retorcida-realidad\/wp-json\/wp\/v2\/posts\/7251\/revisions\/7253"}],"wp:attachment":[{"href":"https:\/\/blogs.elcomercio.es\/retorcida-realidad\/wp-json\/wp\/v2\/media?parent=7251"}],"wp:term":[{"taxonomy":"category","embeddable":true,"href":"https:\/\/blogs.elcomercio.es\/retorcida-realidad\/wp-json\/wp\/v2\/categories?post=7251"},{"taxonomy":"post_tag","embeddable":true,"href":"https:\/\/blogs.elcomercio.es\/retorcida-realidad\/wp-json\/wp\/v2\/tags?post=7251"}],"curies":[{"name":"wp","href":"https:\/\/api.w.org\/{rel}","templated":true}]}}